{"id":235,"date":"2021-10-27T19:06:33","date_gmt":"2021-10-27T17:06:33","guid":{"rendered":"http:\/\/wtb-ol.de\/?p=235"},"modified":"2021-10-27T19:06:33","modified_gmt":"2021-10-27T17:06:33","slug":"jjlvk-2021-in-brandenburg","status":"publish","type":"post","link":"https:\/\/wtb-ol.de\/?p=235","title":{"rendered":"JJLVK 2021 in Brandenburg"},"content":{"rendered":"\n<figure class=\"wp-block-image\"><img loading=\"lazy\" decoding=\"async\" width=\"1024\" height=\"768\" src=\"https:\/\/wtb-ol.de\/wp-content\/uploads\/2021\/10\/IMG_2346-1024x768.jpg\" alt=\"\" class=\"wp-image-238\" srcset=\"https:\/\/wtb-ol.de\/wp-content\/uploads\/2021\/10\/IMG_2346-1024x768.jpg 1024w, https:\/\/wtb-ol.de\/wp-content\/uploads\/2021\/10\/IMG_2346-300x225.jpg 300w, https:\/\/wtb-ol.de\/wp-content\/uploads\/2021\/10\/IMG_2346-768x576.jpg 768w, https:\/\/wtb-ol.de\/wp-content\/uploads\/2021\/10\/IMG_2346-1536x1152.jpg 1536w, https:\/\/wtb-ol.de\/wp-content\/uploads\/2021\/10\/IMG_2346-2048x1536.jpg 2048w, https:\/\/wtb-ol.de\/wp-content\/uploads\/2021\/10\/IMG_2346-1200x900.jpg 1200w\" sizes=\"auto, (max-width: 709px) 85vw, (max-width: 909px) 67vw, (max-width: 1362px) 62vw, 840px\" \/><\/figure>\n\n\n\n<p>Lieber Kader, liebe Mitlesende,<\/p>\n\n\n\n<p>Wir haben gezittert und gebangt, am Ende hat sich das Daumen dr\u00fccken gelohnt: der diesj\u00e4hrige JJLVK fand statt! Ausrichter Brandenburg hat sich f\u00fcr ein kleines Waldgebiet in der Gemeinde Michendorf in der N\u00e4he von Potsdam entschieden. Wenige H\u00f6henmeter, freier Untergrund und viele Posten auf engem Raum. Es galt also vor allem sich bei hohem Lauftempo durch den gro\u00dfen Gegnerkontakt nicht aus der Ruhe bringen zu lassen. Und das vor weg: wir Trainerinnen und Trainer haben uns richtig gefreut, wie toll unsere Athletinnen und Athleten das gemeistert haben!<\/p>\n\n\n\n<div class=\"wp-block-group\"><div class=\"wp-block-group__inner-container is-layout-flow wp-block-group-is-layout-flow\">\n<div class=\"wp-block-group\"><div class=\"wp-block-group__inner-container is-layout-flow wp-block-group-is-layout-flow\">\n<div class=\"wp-block-image\"><figure class=\"aligncenter size-large\"><img loading=\"lazy\" decoding=\"async\" width=\"1024\" height=\"683\" src=\"https:\/\/wtb-ol.de\/wp-content\/uploads\/2021\/10\/IMG_6297-2-1024x683.jpg\" alt=\"\" class=\"wp-image-241\" srcset=\"https:\/\/wtb-ol.de\/wp-content\/uploads\/2021\/10\/IMG_6297-2-1024x683.jpg 1024w, https:\/\/wtb-ol.de\/wp-content\/uploads\/2021\/10\/IMG_6297-2-300x200.jpg 300w, https:\/\/wtb-ol.de\/wp-content\/uploads\/2021\/10\/IMG_6297-2-768x512.jpg 768w, https:\/\/wtb-ol.de\/wp-content\/uploads\/2021\/10\/IMG_6297-2-1536x1024.jpg 1536w, https:\/\/wtb-ol.de\/wp-content\/uploads\/2021\/10\/IMG_6297-2-2048x1365.jpg 2048w, https:\/\/wtb-ol.de\/wp-content\/uploads\/2021\/10\/IMG_6297-2-1200x800.jpg 1200w\" sizes=\"auto, (max-width: 709px) 85vw, (max-width: 909px) 67vw, (max-width: 1362px) 62vw, 840px\" \/><figcaption>das Wettkampfgel\u00e4nde: offener, schneller Wald<\/figcaption><\/figure><\/div>\n<\/div><\/div>\n\n\n\n<div class=\"wp-block-image\"><figure class=\"aligncenter size-large\"><img loading=\"lazy\" decoding=\"async\" width=\"1024\" height=\"683\" src=\"https:\/\/wtb-ol.de\/wp-content\/uploads\/2021\/10\/IMG_5780-1024x683.jpg\" alt=\"\" class=\"wp-image-242\" srcset=\"https:\/\/wtb-ol.de\/wp-content\/uploads\/2021\/10\/IMG_5780-1024x683.jpg 1024w, https:\/\/wtb-ol.de\/wp-content\/uploads\/2021\/10\/IMG_5780-300x200.jpg 300w, https:\/\/wtb-ol.de\/wp-content\/uploads\/2021\/10\/IMG_5780-768x512.jpg 768w, https:\/\/wtb-ol.de\/wp-content\/uploads\/2021\/10\/IMG_5780-1536x1024.jpg 1536w, https:\/\/wtb-ol.de\/wp-content\/uploads\/2021\/10\/IMG_5780-2048x1365.jpg 2048w, https:\/\/wtb-ol.de\/wp-content\/uploads\/2021\/10\/IMG_5780-1200x800.jpg 1200w\" sizes=\"auto, (max-width: 709px) 85vw, (max-width: 909px) 67vw, (max-width: 1362px) 62vw, 840px\" \/><\/figure><\/div>\n<\/div><\/div>\n\n\n\n<p>Am Freitag, den 17.09., ging es f\u00fcr uns alle schon sehr fr\u00fch auf die Reise, da Brandenburg doch ein St\u00fcckchen weiter weg liegt, vor allem f\u00fcr die Rheinl\u00e4nder. Trotz langer Fahrt, vollen Stra\u00dfen und stockendem Verkehr kamen wir alle gut in Werder an. Hier wurden vom KiEZ Inselparadies Petzow e.V. f\u00fcr alle Landesverb\u00e4nde Mehrbettzimmer und Verpflegung f\u00fcr das Wochenende zur Verf\u00fcgung gestellt. Nach dem Zimmer beziehen und einer kurzen Begr\u00fc\u00dfung gings f\u00fcr den Westfalenkader auf eine kleine abendliche Laufrunde mit D\u00fcse und Till. W\u00e4hrenddessen gab es bei der Trainerbesprechung nochmal letzte Infos \u00fcber Ablauf und Gel\u00e4nde des Wettkampfgebietes, die f\u00fcr die Athletinnen und Athleten wichtig sein k\u00f6nnten. Eine Besonderheit dieses Jahr war z.B. der Vielloup f\u00fcr die Altersklassen D\/H 16-20 aufgrund des im Vergleich zu anderen Jahren sehr kleinen Wettkampfgebietes. Nach dem alle Fragen und Unsicherheiten gekl\u00e4rt waren, ging es f\u00fcr uns alle auch schon direkt ins Bett, um am kommenden Tag fit f\u00fcr den Einzellauf zu sein.<\/p>\n\n\n\n<div class=\"wp-block-image\"><figure class=\"aligncenter size-large\"><img loading=\"lazy\" decoding=\"async\" width=\"1024\" height=\"768\" src=\"https:\/\/wtb-ol.de\/wp-content\/uploads\/2021\/10\/DJI_0161-1024x768.jpg\" alt=\"\" class=\"wp-image-243\" srcset=\"https:\/\/wtb-ol.de\/wp-content\/uploads\/2021\/10\/DJI_0161-1024x768.jpg 1024w, https:\/\/wtb-ol.de\/wp-content\/uploads\/2021\/10\/DJI_0161-300x225.jpg 300w, https:\/\/wtb-ol.de\/wp-content\/uploads\/2021\/10\/DJI_0161-768x576.jpg 768w, https:\/\/wtb-ol.de\/wp-content\/uploads\/2021\/10\/DJI_0161-1536x1152.jpg 1536w, https:\/\/wtb-ol.de\/wp-content\/uploads\/2021\/10\/DJI_0161-2048x1536.jpg 2048w, https:\/\/wtb-ol.de\/wp-content\/uploads\/2021\/10\/DJI_0161-1200x900.jpg 1200w\" sizes=\"auto, (max-width: 709px) 85vw, (max-width: 909px) 67vw, (max-width: 1362px) 62vw, 840px\" \/><figcaption>WKZ<\/figcaption><\/figure><\/div>\n\n\n\n<p>Der Samstag brach an mit einer erwartungsvoll gespannten, aber auch gut gelaunten Stimmung. Nach dem Fr\u00fchst\u00fcck herrschte das \u00fcbliche Gewusel, aber wir konnten p\u00fcnktlich die 30-min\u00fctige Fahrt nach Michendorf antreten. Am WKZ angekommen haben sich alle Aktiven unter dem gro\u00dfen Westfalenbanner versammelt, um der Tradition folgend mit lauten Schlachtrufen \u00fcber die Zielwiese einzulaufen, damit alle (auch die H-16er aus dem S\u00fcden) mitbekommen, dass Westfalen auch dieses Jahr wieder mit vollem Einsatz dabei sein wird. Neben guten Ergebnissen ist schlie\u00dflich auch ein Ziel m\u00f6glichst heiser nach Hause zu fahren. Denn nur wer br\u00fcllt, gewinnt. Erfreulicher Weise konnten wir bis auf die D14 jede Klasse gut besetzen, sodass wir zuversichtlich in den Wettkampf gestartet sind. Nullzeit war um 10.00 Uhr. Der erste Westfale startete 10.14 Uhr. Natalie und Till haben unsere Athletinnen und Athleten am Start betreut, Arvid und D\u00fcse pendelten zw. WKZ und Start, um vor allem die j\u00fcngeren Athletinnen und Athleten zu begleiten, und Inga und Basti blieben auf der Zielwiese und haben mit den \u00fcbrigen Athletinnen und Athleten das Team flei\u00dfig angefeuert. Die meisten hatten gute L\u00e4ufe, Kaatje und Emma belegten in ihren Kategorien D20 und D18 sogar jeweils die 2. Pl\u00e4tze! Um 13.30 Uhr ging es dann weiter mit dem Betreuerlauf und gegen 15 Uhr dann wieder zur\u00fcck zur Unterkunft. Frisch geduscht und mit vollen B\u00e4uchen freuten sich alle auf die Siegerehrung der Einzell\u00e4ufe. Nat\u00fcrlich wurde hier zu Beginn das diesj\u00e4hrige Motto \u201eOlympia\u201c von unseren Westfalenhelden pr\u00e4sentiert: mit Skiern, Fechtdegen, Taucherbrillen, Golfschl\u00e4gern und lautem \u201eGEBT MIR EIN W\u2026\u201c haben die Aktiven die ganze Bandbreite des Sports gezeigt, die wir OLer bei einem langen Wettkampfwochenende gerne mal vergessen. Als dann der Zwischenstand f\u00fcr die Gesamtplatzierung der Landesverb\u00e4nde bekannt gegeben wurde, stieg die Spannung sp\u00fcrbar an. Konnten wir eine \u00e4hnlich gute Leistung wie 2019 aufrechterhalten? Aber sowas von! Denn in der Jugendwertung landeten wir auf Platz 5 und in der Juniorenwertung auf Platz 10, sodass wir am Ende des 1. Tages in der Gesamtwertung auf einem soliden 7. Platz landeten. Das wurde nat\u00fcrlich gefeiert! Auch unter Coronabedingungen konnte eine JLVK-Party stattfinden und wir hatten den Eindruck, dass auf der Tanzfl\u00e4che die Stimmung erst richtig aufkam als unsere Westfalen dazukamen und den anderen Landesverb\u00e4nden gezeigt haben, wie man richtig feiert. Auch so ein Talent, was neben dem richtigen Anfeuern von Generation zu Generation weitergereicht wird. F\u00fcr unsere D\/H12 und J\u00fcnger ging es dann schon um 10Uhr ins Bett, aber auch der Rest folgte bald, denn am n\u00e4chsten Morgen hie\u00df es: 5.30Uhr Fr\u00fchst\u00fcck! Vielleicht eine der h\u00e4rtesten Sachen beim JLVK: Fr\u00fchst\u00fcckszeiten.<\/p>\n\n\n\n<p>Sonntag Morgen war das Aufstehen wie zu erwarten sehr schwer. Nach dem Fr\u00fchst\u00fcck mussten alle Sachen wieder zusammengepackt und in den Autos verstaut werden und erstaunlicher Weise waren wir dann so ziemlich der erste Landesverband auf der Zielwiese. Das ist uns auch noch nie passiert! Vielleicht ein gutes Omen f\u00fcr den Staffelwettbewerb. Wir sind zwar nicht der gr\u00f6\u00dfte Landesverband, aber wir konnten jede Kategorie mit einer Staffel besetzen. Doch zun\u00e4chst war um 8.30Uhr Massenstart f\u00fcr den Score-OL der Betreuerinnen und Betreuer. Unsere <em>time to shine<\/em> und wie immer ausger\u00fcstet mit ein paar schicken Accessoires des Kader-Mottos. Das Schwert nutze Till um sich einen schnellen Weg durchs Geb\u00fcsch zu schlagen und Arvids \u201eZielsprint\u201c auf dem Skateboard geht sicherlich als schnellster in die Geschichte ein. Um 9.30Uhr war Massenstart f\u00fcr die Kategorien D\/H 16-20, und um 9.45Uhr folgten dann die Startl\u00e4uferinnen und Startl\u00e4ufer der Kategorien D\/H12-14. F\u00fcr uns ging es gut los: Unsere Start-L\u00e4uferinnen und Start-L\u00e4ufer haben so gut wie keine Fehler gemacht und konnten so den gro\u00dfen Favoriten aus Bayern, Niedersachsen und Sachsen dicht auf den Fersen bleiben. Als dann Hugo als zweiter L\u00e4ufer auf seiner H-14 Bahn als 4er ins Ziel kam, wurde es richtig bunt, denn auch unsere D-12- und H-18-Staffeln hatten Chancen auf die Treppchen-Platzierungen! F\u00fcr uns Trainerinnen und Trainer nimmt dann die Aufregung so langsam die \u00dcberhand, denn wie sch\u00f6n ist es, wenn eure Trainings mit guten Platzierungen belohnt werden? Alle Westfalen wurde lautstark angefeuert, und f\u00fcr Erik wurde sogar ein ganz pers\u00f6nlicher Schlachtruf angestimmt (auch wenn er auf seinen Lauf fokussiert war, musste er auf der Sichtstrecke bei \u201eEerik Lindemann-Lindemann-Eerik\u201c ein wenig schmunzeln und es wird jetzt hier im Text die Melodie und Betonung nicht so klar, aber das ist ein richtiger Ohrwurm-Hit). Weitere Schlagertitel nehmen wir f\u00fcr die Zukunft gerne auf. Als S\u00f6nke und Alva als dritte L\u00e4ufer auf ihren Strecken H-14 und D-12 jeweils als 3- Platzierte ins Ziel kamen, war die Stimmung auf dem H\u00f6hepunkt. Die letzte Entscheidung stand in der H-18 an, auf der unser dritter L\u00e4ufer Arvid als 2.Platzierter ins Rennen ging. Tats\u00e4chlich lag er auf der Sichtstrecke knapp 20 Sekunden vor dem bis dahin f\u00fchrenden Sachsen. Die Anspannung auf der Zielwiese konnte man f\u00f6rmlich sp\u00fcren. Wir wollten unbedingt diesen Sieg! Alle standen also am Flatterband und haben versucht Arvid als erstes aus dem Wald kommen zu sehen. Als er dann als erstes den letzten Posten stempelte war kein Halten mehr und wir haben uns riesig \u00fcber den 1. Platz in der H-18 gefreut! Aber nicht nur diese drei Staffeln hatten einen guten Lauf; all unsere Athletinnen und Athleten haben gek\u00e4mpft und wir sind richtig stolz auf euch!<\/p>\n\n\n\n<p>Jetzt stand nur noch ein Punkt auf der Tagesordnung: die Staffel-Siegerehrung und die Gesamt-Wertung. Da all unsere L\u00e4ufer an diesem Tag starke L\u00e4ufe hatten, belegten wir in der Jugend-Staffel-Wertung einen sensationellen 3. Platz! Unsere Junioren erreichten den 10. Platz, sodass wir es am Ende tats\u00e4chlich wieder auf einen tollen 5. Platz in der Gesamtwertung geschafft haben.<\/p>\n\n\n\n<p>An dieser Stelle nochmal herzlichen Gl\u00fcckwunsch an alle Aktiven, und Danke dass ihr alle so kr\u00e4ftig angefeuert und mitgefiebert habt. Wir Trainerinnen und Trainer hatten unglaublich viel Spa\u00df und hoffen, dass es euch ganz genauso ergangen ist. Wie immer ging der JJLVK viel zu schnell vorbei und es blieb uns nur die lange R\u00fcckfahrt. Aber wir freuen uns schon wieder auf den JJLVK 2022 und nat\u00fcrlich auf den kommenden Herbstlehrgang vom 3.-5.12.21.<\/p>\n\n\n\n<p>Westfalen &#8211; Hauptsache Rot-Wei\u00df!<\/p>\n\n\n\n<p>euer Trainerteam<\/p>\n\n\n\n<div class=\"wp-block-columns is-layout-flex wp-container-core-columns-is-layout-9d6595d7 wp-block-columns-is-layout-flex\">\n<div class=\"wp-block-column is-layout-flow wp-block-column-is-layout-flow\" style=\"flex-basis:100%\">\n<div class=\"wp-block-image\"><figure class=\"aligncenter size-large\"><img loading=\"lazy\" decoding=\"async\" width=\"1024\" height=\"768\" src=\"https:\/\/wtb-ol.de\/wp-content\/uploads\/2021\/10\/IMG_6085-1024x768.jpg\" alt=\"\" class=\"wp-image-245\" srcset=\"https:\/\/wtb-ol.de\/wp-content\/uploads\/2021\/10\/IMG_6085-1024x768.jpg 1024w, https:\/\/wtb-ol.de\/wp-content\/uploads\/2021\/10\/IMG_6085-300x225.jpg 300w, https:\/\/wtb-ol.de\/wp-content\/uploads\/2021\/10\/IMG_6085-768x576.jpg 768w, https:\/\/wtb-ol.de\/wp-content\/uploads\/2021\/10\/IMG_6085-1536x1152.jpg 1536w, https:\/\/wtb-ol.de\/wp-content\/uploads\/2021\/10\/IMG_6085-2048x1536.jpg 2048w, https:\/\/wtb-ol.de\/wp-content\/uploads\/2021\/10\/IMG_6085-1200x900.jpg 1200w\" sizes=\"auto, (max-width: 709px) 85vw, (max-width: 909px) 67vw, (max-width: 1362px) 62vw, 840px\" \/><\/figure><\/div>\n<\/div>\n<\/div>\n","protected":false},"excerpt":{"rendered":"<p>Lieber Kader, liebe Mitlesende, Wir haben gezittert und gebangt, am Ende hat sich das Daumen dr\u00fccken gelohnt: der diesj\u00e4hrige JJLVK fand statt! Ausrichter Brandenburg hat sich f\u00fcr ein kleines Waldgebiet in der Gemeinde Michendorf in der N\u00e4he von Potsdam entschieden. Wenige H\u00f6henmeter, freier Untergrund und viele Posten auf engem Raum. Es galt also vor allem &hellip; <a href=\"https:\/\/wtb-ol.de\/?p=235\" class=\"more-link\"><span class=\"screen-reader-text\">\u201eJJLVK 2021 in Brandenburg\u201c <\/span>weiterlesen<\/a><\/p>\n","protected":false},"author":4,"featured_media":0,"comment_status":"closed","ping_status":"closed","sticky":false,"template":"","format":"standard","meta":{"footnotes":""},"categories":[7],"tags":[],"class_list":["post-235","post","type-post","status-publish","format-standard","hentry","category-landeskader"],"_links":{"self":[{"href":"https:\/\/wtb-ol.de\/index.php?rest_route=\/wp\/v2\/posts\/235","targetHints":{"allow":["GET"]}}],"collection":[{"href":"https:\/\/wtb-ol.de\/index.php?rest_route=\/wp\/v2\/posts"}],"about":[{"href":"https:\/\/wtb-ol.de\/index.php?rest_route=\/wp\/v2\/types\/post"}],"author":[{"embeddable":true,"href":"https:\/\/wtb-ol.de\/index.php?rest_route=\/wp\/v2\/users\/4"}],"replies":[{"embeddable":true,"href":"https:\/\/wtb-ol.de\/index.php?rest_route=%2Fwp%2Fv2%2Fcomments&post=235"}],"version-history":[{"count":2,"href":"https:\/\/wtb-ol.de\/index.php?rest_route=\/wp\/v2\/posts\/235\/revisions"}],"predecessor-version":[{"id":247,"href":"https:\/\/wtb-ol.de\/index.php?rest_route=\/wp\/v2\/posts\/235\/revisions\/247"}],"wp:attachment":[{"href":"https:\/\/wtb-ol.de\/index.php?rest_route=%2Fwp%2Fv2%2Fmedia&parent=235"}],"wp:term":[{"taxonomy":"category","embeddable":true,"href":"https:\/\/wtb-ol.de\/index.php?rest_route=%2Fwp%2Fv2%2Fcategories&post=235"},{"taxonomy":"post_tag","embeddable":true,"href":"https:\/\/wtb-ol.de\/index.php?rest_route=%2Fwp%2Fv2%2Ftags&post=235"}],"curies":[{"name":"wp","href":"https:\/\/api.w.org\/{rel}","templated":true}]}}