{"id":310,"date":"2022-04-13T19:21:16","date_gmt":"2022-04-13T17:21:16","guid":{"rendered":"https:\/\/wtb-ol.de\/?p=310"},"modified":"2023-11-14T12:13:12","modified_gmt":"2023-11-14T10:13:12","slug":"zum-tode-von-alexander-lubina","status":"publish","type":"post","link":"https:\/\/wtb-ol.de\/?p=310","title":{"rendered":"Zum Tode von Alexander Lubina"},"content":{"rendered":"\n<div class=\"wp-block-image\"><figure class=\"aligncenter size-full\"><img loading=\"lazy\" decoding=\"async\" width=\"406\" height=\"508\" src=\"https:\/\/wtb-ol.de\/wp-content\/uploads\/2022\/04\/image.png\" alt=\"\" class=\"wp-image-311\" srcset=\"https:\/\/wtb-ol.de\/wp-content\/uploads\/2022\/04\/image.png 406w, https:\/\/wtb-ol.de\/wp-content\/uploads\/2022\/04\/image-240x300.png 240w\" sizes=\"auto, (max-width: 406px) 85vw, 406px\" \/><figcaption>Alexander Lubina (*10. 12. 1979 &#8211; +22. 3. 2022)<\/figcaption><\/figure><\/div>\n\n\n\n<p>Mit gro\u00dfer Best\u00fcrzung erfuhren die Bottroper Orientierungsl\u00e4ufer am Mittwochmorgen\u00a0\u00a0\u00a0\u00a0\u00a0\u00a0\u00a0 \u00a0-23.3.2022- vom tragischen Unfalltod ihres erfolgreichsten Athleten, Alexander Lubina.<\/p>\n\n\n\n<p>Als schon erfolgreicher Leichtathlet der Abteilung Leichtathletik von DJK Adler 07 Bottrop (im damaligen Sch\u00fclerbereich) war er 1991 \u00fcber Mutter und Bruder und in Absprache mit seinem Lauftrainer Peter R\u00f6nnspie\u00df zus\u00e4tzlich zur Abteilung Orientierungslauf von DJK Adler 07 Bottrop gesto\u00dfen.<\/p>\n\n\n\n<p>Schnell hatte er in den Bottroper Trainingsgebieten (K\u00f6llnischer Wald und Kirchheller Heide) die Grundtechniken im OL erlernt. Schon 1993 holte er mit zwei Bottroper Teamkollegen die ersten beiden DM-Titel (Mannschaft und Staffel H-14). Ihnen folgten etliche weitere Deutsche Meistertitel, sowohl im Jugendbereich als auch in der Haupt-(Elite)klasse. In zahlreichen Staffelrennen stellte er sich in den Dienst der Mannschaft.<\/p>\n\n\n\n<p>Nach seinen Teilnahmen bei den Juniorenweltmeisterschaften 1997 in Belgien und 1999 in Bulgarien wurde er international bekannt durch seinen 3. Platz bei der Park World Tour-Etappe 2000 in Shanghai (China). Es folgten Weltmeisterschaftsteilnahmen in Portugal (2001 Milit\u00e4r-WM), sowie der Schweiz (2003 und 2012), in Tschechien (2008) und Ungarn (2009).<\/p>\n\n\n\n<p>Auch nach Beendigung seiner aktiven Zeit als Leichtathlet des TV Wattenscheid im Jahre 2008 blieb er dem Orientierungslauf (OL) treu, u. a. als Organisator und Bahnleger von OL-<\/p>\n\n\n\n<p>Wettbewerben, sowie als Referent und als Trainer auf Bundesebene. Sein gr\u00f6\u00dfter Erfolg als Trainer war der Gewinn des Juniorenweltmeistertitels in der Sprintdisziplin durch den von ihm betreuten Dortmunder Athleten Colin Kolbe im Jahre 2018 in Ungarn.<\/p>\n\n\n\n<p>Alexander hat viele Jahre den Orientierungslauf in Bottrop mit gepr\u00e4gt.<\/p>\n\n\n\n<p>Seine Begeisterung und seine Erfolge motivierten den Nachwuchs der Abteilung. Er wird unvergessen bleiben.<\/p>\n\n\n\n<p>Unseren Abschiedsschmerz teilen wir mit seiner Partnerin Sabine, seinem Sohn Tio und seinen Geschwistern Katja und Felix.<\/p>\n\n\n\n<p>Die Orientierungsl\u00e4uferinnen und Orientierungsl\u00e4ufer von DJK Adler 07 Bottrop<\/p>\n\n\n\n<figure class=\"wp-block-image size-full\"><img loading=\"lazy\" decoding=\"async\" width=\"944\" height=\"716\" src=\"https:\/\/wtb-ol.de\/wp-content\/uploads\/2022\/04\/image-1.png\" alt=\"\" class=\"wp-image-312\" srcset=\"https:\/\/wtb-ol.de\/wp-content\/uploads\/2022\/04\/image-1.png 944w, https:\/\/wtb-ol.de\/wp-content\/uploads\/2022\/04\/image-1-300x228.png 300w, https:\/\/wtb-ol.de\/wp-content\/uploads\/2022\/04\/image-1-768x583.png 768w\" sizes=\"auto, (max-width: 709px) 85vw, (max-width: 909px) 67vw, (max-width: 1362px) 62vw, 840px\" \/><figcaption>2011 Startl\u00e4ufer in der Jukolastaffel in Finnland<\/figcaption><\/figure>\n\n\n\n<div class=\"wp-block-image\"><figure class=\"aligncenter size-full\"><img loading=\"lazy\" decoding=\"async\" width=\"789\" height=\"865\" src=\"https:\/\/wtb-ol.de\/wp-content\/uploads\/2022\/04\/Bild3.jpg\" alt=\"\" class=\"wp-image-314\" srcset=\"https:\/\/wtb-ol.de\/wp-content\/uploads\/2022\/04\/Bild3.jpg 789w, https:\/\/wtb-ol.de\/wp-content\/uploads\/2022\/04\/Bild3-274x300.jpg 274w, https:\/\/wtb-ol.de\/wp-content\/uploads\/2022\/04\/Bild3-768x842.jpg 768w\" sizes=\"auto, (max-width: 709px) 85vw, (max-width: 909px) 67vw, (max-width: 984px) 61vw, (max-width: 1362px) 45vw, 600px\" \/><figcaption>2014 Konkurrenten in der H35: Alexander Lubina und Ingo Horst<\/figcaption><\/figure><\/div>\n\n\n\n<p>Autoren: Dieter und Karin Schlaefke<\/p>\n","protected":false},"excerpt":{"rendered":"<p>Mit gro\u00dfer Best\u00fcrzung erfuhren die Bottroper Orientierungsl\u00e4ufer am Mittwochmorgen\u00a0\u00a0\u00a0\u00a0\u00a0\u00a0\u00a0 \u00a0-23.3.2022- vom tragischen Unfalltod ihres erfolgreichsten Athleten, Alexander Lubina. Als schon erfolgreicher Leichtathlet der Abteilung Leichtathletik von DJK Adler 07 Bottrop (im damaligen Sch\u00fclerbereich) war er 1991 \u00fcber Mutter und Bruder und in Absprache mit seinem Lauftrainer Peter R\u00f6nnspie\u00df zus\u00e4tzlich zur Abteilung Orientierungslauf von DJK Adler &hellip; <a href=\"https:\/\/wtb-ol.de\/?p=310\" class=\"more-link\"><span class=\"screen-reader-text\">\u201eZum Tode von Alexander Lubina\u201c <\/span>weiterlesen<\/a><\/p>\n","protected":false},"author":4,"featured_media":0,"comment_status":"closed","ping_status":"closed","sticky":false,"template":"","format":"standard","meta":{"footnotes":""},"categories":[9],"tags":[],"class_list":["post-310","post","type-post","status-publish","format-standard","hentry","category-neues"],"_links":{"self":[{"href":"https:\/\/wtb-ol.de\/index.php?rest_route=\/wp\/v2\/posts\/310","targetHints":{"allow":["GET"]}}],"collection":[{"href":"https:\/\/wtb-ol.de\/index.php?rest_route=\/wp\/v2\/posts"}],"about":[{"href":"https:\/\/wtb-ol.de\/index.php?rest_route=\/wp\/v2\/types\/post"}],"author":[{"embeddable":true,"href":"https:\/\/wtb-ol.de\/index.php?rest_route=\/wp\/v2\/users\/4"}],"replies":[{"embeddable":true,"href":"https:\/\/wtb-ol.de\/index.php?rest_route=%2Fwp%2Fv2%2Fcomments&post=310"}],"version-history":[{"count":4,"href":"https:\/\/wtb-ol.de\/index.php?rest_route=\/wp\/v2\/posts\/310\/revisions"}],"predecessor-version":[{"id":318,"href":"https:\/\/wtb-ol.de\/index.php?rest_route=\/wp\/v2\/posts\/310\/revisions\/318"}],"wp:attachment":[{"href":"https:\/\/wtb-ol.de\/index.php?rest_route=%2Fwp%2Fv2%2Fmedia&parent=310"}],"wp:term":[{"taxonomy":"category","embeddable":true,"href":"https:\/\/wtb-ol.de\/index.php?rest_route=%2Fwp%2Fv2%2Fcategories&post=310"},{"taxonomy":"post_tag","embeddable":true,"href":"https:\/\/wtb-ol.de\/index.php?rest_route=%2Fwp%2Fv2%2Ftags&post=310"}],"curies":[{"name":"wp","href":"https:\/\/api.w.org\/{rel}","templated":true}]}}