{"id":326,"date":"2022-05-03T22:26:02","date_gmt":"2022-05-03T20:26:02","guid":{"rendered":"https:\/\/wtb-ol.de\/?p=326"},"modified":"2022-05-03T22:34:39","modified_gmt":"2022-05-03T20:34:39","slug":"lrl-wochenende-in-detmold","status":"publish","type":"post","link":"https:\/\/wtb-ol.de\/?p=326","title":{"rendered":"LRL-Wochenende in Detmold"},"content":{"rendered":"\n<p>Vergangenes Wochenende fanden in Detmold in der N\u00e4he des Hermannsdenkmal gleich zwei westf\u00e4lische Landesranglistenl\u00e4ufe statt. Bei tollem L\u00e4ufer-Wetter (15 Grad, ein bisschen Sonne) richteten die Bielefelder Turngemeinde und die ASG Teutoburger Wald zusammen am Samstag, den 30.04., auf der Karte \u201eLeistruper Wald\u201c den 2. LRL 2022 aus. Thomas Hohberg (ASG) \u00fcbernahm die Wettkampfleitung, Emma und Volker Caspari (OL-Team Lippe) die Bahnlegung. Dabei stand das Bahnleger-Duo vor der Herausforderung das Beste aus einem Wald nach intensiven Forstarbeiten herauszuholen. Das ist den beiden auf jeden Fall gelungen, sodass eine verk\u00fcrzte Langdistanz in einem klassischen westf\u00e4lischen Mittelgebirgswald entstanden ist. Auf der Karte waren einige Sperrgebiete, welche die L\u00e4ufer*innen vor zus\u00e4tzliche Herausforderungen stellte. Man k\u00f6nnte ja meinen, dass diese in Kombination mit den Forstarbeiten einem den OL verhageln und der Austausch nach dem Lauf entsprechend knapp ausf\u00e4llt. Aber weit gefehlt. Es wurde rege diskutiert, wie man sich am besten zwischen den Sperrgebieten hindurch orientiert.<\/p>\n\n\n\n<figure class=\"wp-block-gallery columns-2 is-cropped wp-block-gallery-1 is-layout-flex wp-block-gallery-is-layout-flex\"><ul class=\"blocks-gallery-grid\"><li class=\"blocks-gallery-item\"><figure><img loading=\"lazy\" decoding=\"async\" width=\"1024\" height=\"768\" src=\"https:\/\/wtb-ol.de\/wp-content\/uploads\/2022\/05\/Wald-1024x768.jpeg\" alt=\"\" data-id=\"327\" data-link=\"https:\/\/wtb-ol.de\/?attachment_id=327\" class=\"wp-image-327\" srcset=\"https:\/\/wtb-ol.de\/wp-content\/uploads\/2022\/05\/Wald-1024x768.jpeg 1024w, https:\/\/wtb-ol.de\/wp-content\/uploads\/2022\/05\/Wald-300x225.jpeg 300w, https:\/\/wtb-ol.de\/wp-content\/uploads\/2022\/05\/Wald-768x576.jpeg 768w, https:\/\/wtb-ol.de\/wp-content\/uploads\/2022\/05\/Wald-1536x1152.jpeg 1536w, https:\/\/wtb-ol.de\/wp-content\/uploads\/2022\/05\/Wald-1200x900.jpeg 1200w, https:\/\/wtb-ol.de\/wp-content\/uploads\/2022\/05\/Wald.jpeg 2048w\" sizes=\"auto, (max-width: 709px) 85vw, (max-width: 909px) 67vw, (max-width: 1362px) 62vw, 840px\" \/><figcaption class=\"blocks-gallery-item__caption\">Laubwald in frischem Gr\u00fcn<\/figcaption><\/figure><\/li><li class=\"blocks-gallery-item\"><figure><img loading=\"lazy\" decoding=\"async\" width=\"768\" height=\"1024\" src=\"https:\/\/wtb-ol.de\/wp-content\/uploads\/2022\/05\/Langdistanz-768x1024.jpeg\" alt=\"\" data-id=\"328\" data-full-url=\"https:\/\/wtb-ol.de\/wp-content\/uploads\/2022\/05\/Langdistanz.jpeg\" data-link=\"https:\/\/wtb-ol.de\/?attachment_id=328\" class=\"wp-image-328\" srcset=\"https:\/\/wtb-ol.de\/wp-content\/uploads\/2022\/05\/Langdistanz-768x1024.jpeg 768w, https:\/\/wtb-ol.de\/wp-content\/uploads\/2022\/05\/Langdistanz-225x300.jpeg 225w, https:\/\/wtb-ol.de\/wp-content\/uploads\/2022\/05\/Langdistanz-1152x1536.jpeg 1152w, https:\/\/wtb-ol.de\/wp-content\/uploads\/2022\/05\/Langdistanz-1200x1600.jpeg 1200w, https:\/\/wtb-ol.de\/wp-content\/uploads\/2022\/05\/Langdistanz.jpeg 1536w\" sizes=\"auto, (max-width: 709px) 85vw, (max-width: 909px) 67vw, (max-width: 984px) 61vw, (max-width: 1362px) 45vw, 600px\" \/><figcaption class=\"blocks-gallery-item__caption\">Kartenausschnitt<\/figcaption><\/figure><\/li><\/ul><figcaption class=\"blocks-gallery-caption\">Gel\u00e4nde des 2. LRLs<\/figcaption><\/figure>\n\n\n\n<p>Am Sonntag, den 01.05., richtete das OL-Team Lippe einen Doppelsprint in der Stadt Detmold aus. Die Wettkampfleitung \u00fcbernahm dieses Mal Olaf St\u00f6lting. Lea St\u00f6lting und Volker Caspari legten abwechslungsreiche Sprintstrecken. Der erste Sprint auf der Karte \u201eWerrebogen\u201c f\u00fchrte durch ein Schul- und Parkgel\u00e4nde. Vor allem der Schlussteil lie\u00df die teilnehmenden OLer viele Haken schlagen und sorgte f\u00fcr intensiven Gegnerkontakt. &nbsp;Der zweite Sprint f\u00fchrte \u00fcber die Karte \u201eDetmold City\u201c und damit direkt durch das Zentrum der Stadt mit Fu\u00dfg\u00e4ngerzonen, Restaurants, Wassergr\u00e4ben und dem f\u00fcrstlichen Residenzschloss Detmold. F\u00fcr eine Stunde war die Detmolder Innenstadt also durch sprintende OLer versch\u00f6nert, die unseren Sport voll in Szene gesetzt haben. F\u00fcr die Teilnehmenden war es ein schnelles Rennen mit einigen spannenden Routenwahlen sowie der Gelegenheit Detmold aus einer anderen Perspektive zu erleben.<\/p>\n\n\n\n<figure class=\"wp-block-gallery columns-2 is-cropped wp-block-gallery-2 is-layout-flex wp-block-gallery-is-layout-flex\"><ul class=\"blocks-gallery-grid\"><li class=\"blocks-gallery-item\"><figure><img loading=\"lazy\" decoding=\"async\" width=\"1024\" height=\"768\" src=\"https:\/\/wtb-ol.de\/wp-content\/uploads\/2022\/05\/Schule-1024x768.jpeg\" alt=\"\" data-id=\"329\" data-link=\"https:\/\/wtb-ol.de\/?attachment_id=329\" class=\"wp-image-329\" srcset=\"https:\/\/wtb-ol.de\/wp-content\/uploads\/2022\/05\/Schule-1024x768.jpeg 1024w, https:\/\/wtb-ol.de\/wp-content\/uploads\/2022\/05\/Schule-300x225.jpeg 300w, https:\/\/wtb-ol.de\/wp-content\/uploads\/2022\/05\/Schule-768x576.jpeg 768w, https:\/\/wtb-ol.de\/wp-content\/uploads\/2022\/05\/Schule-1536x1152.jpeg 1536w, https:\/\/wtb-ol.de\/wp-content\/uploads\/2022\/05\/Schule-1200x900.jpeg 1200w, https:\/\/wtb-ol.de\/wp-content\/uploads\/2022\/05\/Schule.jpeg 2048w\" sizes=\"auto, (max-width: 709px) 85vw, (max-width: 909px) 67vw, (max-width: 1362px) 62vw, 840px\" \/><\/figure><\/li><li class=\"blocks-gallery-item\"><figure><img loading=\"lazy\" decoding=\"async\" width=\"768\" height=\"1024\" src=\"https:\/\/wtb-ol.de\/wp-content\/uploads\/2022\/05\/sprint1-768x1024.jpeg\" alt=\"\" data-id=\"330\" data-full-url=\"https:\/\/wtb-ol.de\/wp-content\/uploads\/2022\/05\/sprint1.jpeg\" data-link=\"https:\/\/wtb-ol.de\/?attachment_id=330\" class=\"wp-image-330\" srcset=\"https:\/\/wtb-ol.de\/wp-content\/uploads\/2022\/05\/sprint1-768x1024.jpeg 768w, https:\/\/wtb-ol.de\/wp-content\/uploads\/2022\/05\/sprint1-225x300.jpeg 225w, https:\/\/wtb-ol.de\/wp-content\/uploads\/2022\/05\/sprint1-1152x1536.jpeg 1152w, https:\/\/wtb-ol.de\/wp-content\/uploads\/2022\/05\/sprint1-1200x1600.jpeg 1200w, https:\/\/wtb-ol.de\/wp-content\/uploads\/2022\/05\/sprint1.jpeg 1536w\" sizes=\"auto, (max-width: 709px) 85vw, (max-width: 909px) 67vw, (max-width: 984px) 61vw, (max-width: 1362px) 45vw, 600px\" \/><\/figure><\/li><\/ul><figcaption class=\"blocks-gallery-caption\">Sprint 1<\/figcaption><\/figure>\n\n\n\n<div class=\"wp-block-image\"><figure class=\"aligncenter size-large\"><img loading=\"lazy\" decoding=\"async\" width=\"768\" height=\"1024\" src=\"https:\/\/wtb-ol.de\/wp-content\/uploads\/2022\/05\/sprint2-1-768x1024.jpeg\" alt=\"\" class=\"wp-image-333\" srcset=\"https:\/\/wtb-ol.de\/wp-content\/uploads\/2022\/05\/sprint2-1-768x1024.jpeg 768w, https:\/\/wtb-ol.de\/wp-content\/uploads\/2022\/05\/sprint2-1-225x300.jpeg 225w, https:\/\/wtb-ol.de\/wp-content\/uploads\/2022\/05\/sprint2-1-1152x1536.jpeg 1152w, https:\/\/wtb-ol.de\/wp-content\/uploads\/2022\/05\/sprint2-1-1200x1600.jpeg 1200w, https:\/\/wtb-ol.de\/wp-content\/uploads\/2022\/05\/sprint2-1.jpeg 1536w\" sizes=\"auto, (max-width: 709px) 85vw, (max-width: 909px) 67vw, (max-width: 984px) 61vw, (max-width: 1362px) 45vw, 600px\" \/><figcaption>Sprint 2<\/figcaption><\/figure><\/div>\n\n\n\n<p>Insgesamt gingen an diesem Wochenende ca. 100 Athlet*innen zwischen den Altersklassen D\/H 10 und 85 an den Start, darunter auch internationale L\u00e4ufer aus Kiew. Im WKZ, welches an beiden Tagen von Lukas Bersuck und Dieter Wehrh\u00f6fer-Bersuck (BTG) geleitet wurde, gab es f\u00fcr die Teilnehmer*innen den obligatorischen L\u00e4ufertee, Kekse und Kuchen. Auch der Kinder-OL hatte seinen Platz und man konnte mithilfe von Tieren und Figuren den OL-Sport kennen lernen. Der D-Kader Westfalen hat dies zum Auslaufen und Gummib\u00e4rchen essen genutzt.<\/p>\n\n\n\n<figure class=\"wp-block-gallery columns-3 is-cropped wp-block-gallery-3 is-layout-flex wp-block-gallery-is-layout-flex\"><ul class=\"blocks-gallery-grid\"><li class=\"blocks-gallery-item\"><figure><img loading=\"lazy\" decoding=\"async\" width=\"1024\" height=\"768\" src=\"https:\/\/wtb-ol.de\/wp-content\/uploads\/2022\/05\/Westfaelischer-D-Kader-beim-Parkplatz-Werrebogen-P1000327-1-1024x768.jpg\" alt=\"\" data-id=\"334\" data-link=\"https:\/\/wtb-ol.de\/?attachment_id=334\" class=\"wp-image-334\" srcset=\"https:\/\/wtb-ol.de\/wp-content\/uploads\/2022\/05\/Westfaelischer-D-Kader-beim-Parkplatz-Werrebogen-P1000327-1-1024x768.jpg 1024w, https:\/\/wtb-ol.de\/wp-content\/uploads\/2022\/05\/Westfaelischer-D-Kader-beim-Parkplatz-Werrebogen-P1000327-1-300x225.jpg 300w, https:\/\/wtb-ol.de\/wp-content\/uploads\/2022\/05\/Westfaelischer-D-Kader-beim-Parkplatz-Werrebogen-P1000327-1-768x576.jpg 768w, https:\/\/wtb-ol.de\/wp-content\/uploads\/2022\/05\/Westfaelischer-D-Kader-beim-Parkplatz-Werrebogen-P1000327-1-1536x1152.jpg 1536w, https:\/\/wtb-ol.de\/wp-content\/uploads\/2022\/05\/Westfaelischer-D-Kader-beim-Parkplatz-Werrebogen-P1000327-1-2048x1536.jpg 2048w, https:\/\/wtb-ol.de\/wp-content\/uploads\/2022\/05\/Westfaelischer-D-Kader-beim-Parkplatz-Werrebogen-P1000327-1-1200x900.jpg 1200w\" sizes=\"auto, (max-width: 709px) 85vw, (max-width: 909px) 67vw, (max-width: 1362px) 62vw, 840px\" \/><figcaption class=\"blocks-gallery-item__caption\">der Westf\u00e4lische D-Kader nach dem Lauf<\/figcaption><\/figure><\/li><li class=\"blocks-gallery-item\"><figure><img loading=\"lazy\" decoding=\"async\" width=\"768\" height=\"1024\" src=\"https:\/\/wtb-ol.de\/wp-content\/uploads\/2022\/05\/Haswe-768x1024.jpeg\" alt=\"\" data-id=\"335\" data-link=\"https:\/\/wtb-ol.de\/?attachment_id=335\" class=\"wp-image-335\" srcset=\"https:\/\/wtb-ol.de\/wp-content\/uploads\/2022\/05\/Haswe-768x1024.jpeg 768w, https:\/\/wtb-ol.de\/wp-content\/uploads\/2022\/05\/Haswe-225x300.jpeg 225w, https:\/\/wtb-ol.de\/wp-content\/uploads\/2022\/05\/Haswe-1152x1536.jpeg 1152w, https:\/\/wtb-ol.de\/wp-content\/uploads\/2022\/05\/Haswe-1200x1600.jpeg 1200w, https:\/\/wtb-ol.de\/wp-content\/uploads\/2022\/05\/Haswe.jpeg 1536w\" sizes=\"auto, (max-width: 709px) 85vw, (max-width: 909px) 67vw, (max-width: 984px) 61vw, (max-width: 1362px) 45vw, 600px\" \/><figcaption class=\"blocks-gallery-item__caption\">Kinder-OL<\/figcaption><\/figure><\/li><li class=\"blocks-gallery-item\"><figure><img loading=\"lazy\" decoding=\"async\" width=\"1024\" height=\"768\" src=\"https:\/\/wtb-ol.de\/wp-content\/uploads\/2022\/05\/Am-Ziel-die-Auswertung-per-Computer-P1000316-1024x768.jpg\" alt=\"\" data-id=\"336\" data-link=\"https:\/\/wtb-ol.de\/?attachment_id=336\" class=\"wp-image-336\" srcset=\"https:\/\/wtb-ol.de\/wp-content\/uploads\/2022\/05\/Am-Ziel-die-Auswertung-per-Computer-P1000316-1024x768.jpg 1024w, https:\/\/wtb-ol.de\/wp-content\/uploads\/2022\/05\/Am-Ziel-die-Auswertung-per-Computer-P1000316-300x225.jpg 300w, https:\/\/wtb-ol.de\/wp-content\/uploads\/2022\/05\/Am-Ziel-die-Auswertung-per-Computer-P1000316-768x576.jpg 768w, https:\/\/wtb-ol.de\/wp-content\/uploads\/2022\/05\/Am-Ziel-die-Auswertung-per-Computer-P1000316-1536x1152.jpg 1536w, https:\/\/wtb-ol.de\/wp-content\/uploads\/2022\/05\/Am-Ziel-die-Auswertung-per-Computer-P1000316-2048x1536.jpg 2048w, https:\/\/wtb-ol.de\/wp-content\/uploads\/2022\/05\/Am-Ziel-die-Auswertung-per-Computer-P1000316-1200x900.jpg 1200w\" sizes=\"auto, (max-width: 709px) 85vw, (max-width: 909px) 67vw, (max-width: 1362px) 62vw, 840px\" \/><figcaption class=\"blocks-gallery-item__caption\">Auslesen<\/figcaption><\/figure><\/li><\/ul><figcaption class=\"blocks-gallery-caption\">Nach dem Lauf<\/figcaption><\/figure>\n\n\n\n<p>Am 11.06.22 geht es dann weiter mit der westf\u00e4lischen Landesmeisterschaft im Sprint, f\u00fcr welche dieses Wochenende eine tolle Vorbereitung war!<\/p>\n","protected":false},"excerpt":{"rendered":"<p>Vergangenes Wochenende fanden in Detmold in der N\u00e4he des Hermannsdenkmal gleich zwei westf\u00e4lische Landesranglistenl\u00e4ufe statt. Bei tollem L\u00e4ufer-Wetter (15 Grad, ein bisschen Sonne) richteten die Bielefelder Turngemeinde und die ASG Teutoburger Wald zusammen am Samstag, den 30.04., auf der Karte \u201eLeistruper Wald\u201c den 2. LRL 2022 aus. Thomas Hohberg (ASG) \u00fcbernahm die Wettkampfleitung, Emma und &hellip; <a href=\"https:\/\/wtb-ol.de\/?p=326\" class=\"more-link\"><span class=\"screen-reader-text\">\u201eLRL-Wochenende in Detmold\u201c <\/span>weiterlesen<\/a><\/p>\n","protected":false},"author":4,"featured_media":0,"comment_status":"closed","ping_status":"closed","sticky":false,"template":"","format":"standard","meta":{"footnotes":""},"categories":[8],"tags":[],"class_list":["post-326","post","type-post","status-publish","format-standard","hentry","category-lrl"],"_links":{"self":[{"href":"https:\/\/wtb-ol.de\/index.php?rest_route=\/wp\/v2\/posts\/326","targetHints":{"allow":["GET"]}}],"collection":[{"href":"https:\/\/wtb-ol.de\/index.php?rest_route=\/wp\/v2\/posts"}],"about":[{"href":"https:\/\/wtb-ol.de\/index.php?rest_route=\/wp\/v2\/types\/post"}],"author":[{"embeddable":true,"href":"https:\/\/wtb-ol.de\/index.php?rest_route=\/wp\/v2\/users\/4"}],"replies":[{"embeddable":true,"href":"https:\/\/wtb-ol.de\/index.php?rest_route=%2Fwp%2Fv2%2Fcomments&post=326"}],"version-history":[{"count":2,"href":"https:\/\/wtb-ol.de\/index.php?rest_route=\/wp\/v2\/posts\/326\/revisions"}],"predecessor-version":[{"id":339,"href":"https:\/\/wtb-ol.de\/index.php?rest_route=\/wp\/v2\/posts\/326\/revisions\/339"}],"wp:attachment":[{"href":"https:\/\/wtb-ol.de\/index.php?rest_route=%2Fwp%2Fv2%2Fmedia&parent=326"}],"wp:term":[{"taxonomy":"category","embeddable":true,"href":"https:\/\/wtb-ol.de\/index.php?rest_route=%2Fwp%2Fv2%2Fcategories&post=326"},{"taxonomy":"post_tag","embeddable":true,"href":"https:\/\/wtb-ol.de\/index.php?rest_route=%2Fwp%2Fv2%2Ftags&post=326"}],"curies":[{"name":"wp","href":"https:\/\/api.w.org\/{rel}","templated":true}]}}