{"id":345,"date":"2022-06-14T23:54:04","date_gmt":"2022-06-14T21:54:04","guid":{"rendered":"https:\/\/wtb-ol.de\/?p=345"},"modified":"2022-06-14T23:54:04","modified_gmt":"2022-06-14T21:54:04","slug":"lm-sprint-und-staffelwochenende-11-12-06-2022","status":"publish","type":"post","link":"https:\/\/wtb-ol.de\/?p=345","title":{"rendered":"LM Sprint- und Staffelwochenende 11.-12.06.2022"},"content":{"rendered":"\n<p>Am vergangenen Wochenende wurde in NRW wieder ganz viel OL gemacht. Bei herrlichstem Sommerwetter richtete WOLF Haltern e.V. am Samstag die NRW Landesmeisterschaften im Sprint-OL aus. Auf der Karte \u201eSchleusenpark Waltrop\u201c schickte Bahnleger Christian Harms die Teilnehmenden durch ein etwas au\u00dfergew\u00f6hnlicheres Sprint-Gel\u00e4nde: in dem Park liegt n\u00e4mlich das Schiffshebewerk Henrichenburg, welches fr\u00fcher den Verkehr auf dem Dortmund-Ems-Kanal regelte. Die L\u00e4ufer*innen mussten zwischen den vielen Kanalabschnitten steile B\u00f6schungen hinauf klettern und genau darauf achten, welche Durchg\u00e4nge offen waren. Auf der Zielwiese wurden anschlie\u00dfend hitzige Diskussionen \u00fcber in nur eine Richtung belaufbare Drehkreuze und die dadurch erschwerten Routenwahlen gef\u00fchrt, die Mittagspause verbrachten die meisten dann im Schatten oder brutzelten in der Sonne. <\/p>\n\n\n\n<div class=\"wp-block-group\"><div class=\"wp-block-group__inner-container is-layout-flow wp-block-group-is-layout-flow\">\n<figure class=\"wp-block-gallery columns-2 is-cropped wp-block-gallery-1 is-layout-flex wp-block-gallery-is-layout-flex\"><ul class=\"blocks-gallery-grid\"><li class=\"blocks-gallery-item\"><figure><img loading=\"lazy\" decoding=\"async\" width=\"768\" height=\"1024\" src=\"https:\/\/wtb-ol.de\/wp-content\/uploads\/2022\/06\/WhatsApp-Image-2022-06-13-at-5.10.55-PM-1-768x1024.jpeg\" alt=\"\" data-id=\"348\" data-full-url=\"https:\/\/wtb-ol.de\/wp-content\/uploads\/2022\/06\/WhatsApp-Image-2022-06-13-at-5.10.55-PM-1.jpeg\" data-link=\"https:\/\/wtb-ol.de\/?attachment_id=348\" class=\"wp-image-348\" srcset=\"https:\/\/wtb-ol.de\/wp-content\/uploads\/2022\/06\/WhatsApp-Image-2022-06-13-at-5.10.55-PM-1-768x1024.jpeg 768w, https:\/\/wtb-ol.de\/wp-content\/uploads\/2022\/06\/WhatsApp-Image-2022-06-13-at-5.10.55-PM-1-225x300.jpeg 225w, https:\/\/wtb-ol.de\/wp-content\/uploads\/2022\/06\/WhatsApp-Image-2022-06-13-at-5.10.55-PM-1-1152x1536.jpeg 1152w, https:\/\/wtb-ol.de\/wp-content\/uploads\/2022\/06\/WhatsApp-Image-2022-06-13-at-5.10.55-PM-1.jpeg 1200w\" sizes=\"auto, (max-width: 709px) 85vw, (max-width: 909px) 67vw, (max-width: 984px) 61vw, (max-width: 1362px) 45vw, 600px\" \/><figcaption class=\"blocks-gallery-item__caption\">Schiffshebewerk Henrichenburg <\/figcaption><\/figure><\/li><li class=\"blocks-gallery-item\"><figure><img loading=\"lazy\" decoding=\"async\" width=\"1024\" height=\"768\" src=\"https:\/\/wtb-ol.de\/wp-content\/uploads\/2022\/06\/IMG_20220611_132728-1024x768.jpg\" alt=\"\" data-id=\"347\" class=\"wp-image-347\" srcset=\"https:\/\/wtb-ol.de\/wp-content\/uploads\/2022\/06\/IMG_20220611_132728-1024x768.jpg 1024w, https:\/\/wtb-ol.de\/wp-content\/uploads\/2022\/06\/IMG_20220611_132728-300x225.jpg 300w, https:\/\/wtb-ol.de\/wp-content\/uploads\/2022\/06\/IMG_20220611_132728-768x576.jpg 768w, https:\/\/wtb-ol.de\/wp-content\/uploads\/2022\/06\/IMG_20220611_132728-1536x1152.jpg 1536w, https:\/\/wtb-ol.de\/wp-content\/uploads\/2022\/06\/IMG_20220611_132728-2048x1536.jpg 2048w, https:\/\/wtb-ol.de\/wp-content\/uploads\/2022\/06\/IMG_20220611_132728-1200x900.jpg 1200w\" sizes=\"auto, (max-width: 709px) 85vw, (max-width: 909px) 67vw, (max-width: 1362px) 62vw, 840px\" \/><figcaption class=\"blocks-gallery-item__caption\">WKZ im Schleusenpark wenige Minuten vor dem Staffelstart<\/figcaption><\/figure><\/li><\/ul><\/figure>\n<\/div><\/div>\n\n\n\n<p>Um 13 Uhr ging es weiter mit der NRW-Vereinsstaffel. Die Zweierteams mussten nacheinander je eine Strecke entsprechend ihrer Alterskategorie auf der schon vom Morgen bekannten Karte ablaufen. Als die ersten Teams den Sichtposten stempelten, wurde es richtig spannend, denn die L\u00e4ufer*innen, die auf der Schlussrunde als F\u00fchrende in den einen Turm des Schiffshebewerks liefen, kamen nicht \u00a0zwangsl\u00e4ufig als F\u00fchrende aus dem zweiten Turm auf der anderen Seite wieder heraus. Der Schl\u00fcssel lag n\u00e4mlich darin, die Postenbeschreibung genau zu lesen: Der anzulaufende Posten stand oben auf der Br\u00fccke zwischen den T\u00fcrmen, wer also die Wendeltreppe nach unten gelaufen ist, hat ordentlich Zeit verloren, und die F\u00fchrungsposition an die nachfolgenden L\u00e4ufer*innen abgegeben. Am Ende konnten sich die Staffel Tus L\u00fcbbecke 3 mit Kirsten Kolbe und Dean Hagedorn vor den Staffeln OL Team Lippe 5 und den Vereinskollegen Tus L\u00fcbbecke 4 durchsetzen.<\/p>\n\n\n\n<div class=\"wp-block-image\"><figure class=\"aligncenter size-large\"><img loading=\"lazy\" decoding=\"async\" width=\"1024\" height=\"768\" src=\"https:\/\/wtb-ol.de\/wp-content\/uploads\/2022\/06\/WhatsApp-Image-2022-06-14-at-11.37.11-PM-1024x768.jpeg\" alt=\"\" class=\"wp-image-346\" srcset=\"https:\/\/wtb-ol.de\/wp-content\/uploads\/2022\/06\/WhatsApp-Image-2022-06-14-at-11.37.11-PM-1024x768.jpeg 1024w, https:\/\/wtb-ol.de\/wp-content\/uploads\/2022\/06\/WhatsApp-Image-2022-06-14-at-11.37.11-PM-300x225.jpeg 300w, https:\/\/wtb-ol.de\/wp-content\/uploads\/2022\/06\/WhatsApp-Image-2022-06-14-at-11.37.11-PM-768x576.jpeg 768w, https:\/\/wtb-ol.de\/wp-content\/uploads\/2022\/06\/WhatsApp-Image-2022-06-14-at-11.37.11-PM-1536x1152.jpeg 1536w, https:\/\/wtb-ol.de\/wp-content\/uploads\/2022\/06\/WhatsApp-Image-2022-06-14-at-11.37.11-PM-1200x900.jpeg 1200w, https:\/\/wtb-ol.de\/wp-content\/uploads\/2022\/06\/WhatsApp-Image-2022-06-14-at-11.37.11-PM-rotated.jpeg 2048w\" sizes=\"auto, (max-width: 709px) 85vw, (max-width: 909px) 67vw, (max-width: 1362px) 62vw, 840px\" \/><figcaption>bei Posten 13 war die Postenbeschreibung entscheidend<\/figcaption><\/figure><\/div>\n\n\n\n<p>Die Westf\u00e4lische OL-Jugend fuhr am Nachmittag in einer Autokolonne zum gemeinsamen Camping nach Hohensyburg. Nach dem die Zelte standen, ging es, wie die OLer es am liebsten haben, durch Wald und \u00fcber Z\u00e4une zur Ruhr. Das k\u00fchle Wasser war Balsam f\u00fcr den zuvor geholten Sonnenbrand und die m\u00fcden Beine. Nach einer kurzen Dusche hie\u00df es dann: f\u00fcnf Stunden lang Nudeln kochen, gem\u00fctlich am Lagerfeuer  sitzen und nat\u00fcrlich auch eine Runde Werwolf spielen.<\/p>\n\n\n\n<figure class=\"wp-block-gallery columns-3 is-cropped wp-block-gallery-2 is-layout-flex wp-block-gallery-is-layout-flex\"><ul class=\"blocks-gallery-grid\"><li class=\"blocks-gallery-item\"><figure><img loading=\"lazy\" decoding=\"async\" width=\"768\" height=\"1024\" src=\"https:\/\/wtb-ol.de\/wp-content\/uploads\/2022\/06\/WhatsApp-Image-2022-06-13-at-5.19.26-PM-6-768x1024.jpeg\" alt=\"\" data-id=\"351\" data-full-url=\"https:\/\/wtb-ol.de\/wp-content\/uploads\/2022\/06\/WhatsApp-Image-2022-06-13-at-5.19.26-PM-6.jpeg\" data-link=\"https:\/\/wtb-ol.de\/?attachment_id=351\" class=\"wp-image-351\" srcset=\"https:\/\/wtb-ol.de\/wp-content\/uploads\/2022\/06\/WhatsApp-Image-2022-06-13-at-5.19.26-PM-6-768x1024.jpeg 768w, https:\/\/wtb-ol.de\/wp-content\/uploads\/2022\/06\/WhatsApp-Image-2022-06-13-at-5.19.26-PM-6-225x300.jpeg 225w, https:\/\/wtb-ol.de\/wp-content\/uploads\/2022\/06\/WhatsApp-Image-2022-06-13-at-5.19.26-PM-6-1152x1536.jpeg 1152w, https:\/\/wtb-ol.de\/wp-content\/uploads\/2022\/06\/WhatsApp-Image-2022-06-13-at-5.19.26-PM-6-1200x1600.jpeg 1200w, https:\/\/wtb-ol.de\/wp-content\/uploads\/2022\/06\/WhatsApp-Image-2022-06-13-at-5.19.26-PM-6.jpeg 1536w\" sizes=\"auto, (max-width: 709px) 85vw, (max-width: 909px) 67vw, (max-width: 984px) 61vw, (max-width: 1362px) 45vw, 600px\" \/><figcaption class=\"blocks-gallery-item__caption\">Abk\u00fchlung in der Ruhr<\/figcaption><\/figure><\/li><li class=\"blocks-gallery-item\"><figure><img loading=\"lazy\" decoding=\"async\" width=\"1024\" height=\"768\" src=\"https:\/\/wtb-ol.de\/wp-content\/uploads\/2022\/06\/WhatsApp-Image-2022-06-13-at-6.19.49-PM-1.jpeg\" alt=\"\" data-id=\"350\" data-link=\"https:\/\/wtb-ol.de\/?attachment_id=350\" class=\"wp-image-350\" srcset=\"https:\/\/wtb-ol.de\/wp-content\/uploads\/2022\/06\/WhatsApp-Image-2022-06-13-at-6.19.49-PM-1.jpeg 1024w, https:\/\/wtb-ol.de\/wp-content\/uploads\/2022\/06\/WhatsApp-Image-2022-06-13-at-6.19.49-PM-1-300x225.jpeg 300w, https:\/\/wtb-ol.de\/wp-content\/uploads\/2022\/06\/WhatsApp-Image-2022-06-13-at-6.19.49-PM-1-768x576.jpeg 768w\" sizes=\"auto, (max-width: 709px) 85vw, (max-width: 909px) 67vw, (max-width: 1362px) 62vw, 840px\" \/><\/figure><\/li><li class=\"blocks-gallery-item\"><figure><img loading=\"lazy\" decoding=\"async\" width=\"768\" height=\"1024\" src=\"https:\/\/wtb-ol.de\/wp-content\/uploads\/2022\/06\/WhatsApp-Image-2022-06-13-at-6.19.52-PM-2.jpeg\" alt=\"\" data-id=\"349\" data-link=\"https:\/\/wtb-ol.de\/?attachment_id=349\" class=\"wp-image-349\" srcset=\"https:\/\/wtb-ol.de\/wp-content\/uploads\/2022\/06\/WhatsApp-Image-2022-06-13-at-6.19.52-PM-2.jpeg 768w, https:\/\/wtb-ol.de\/wp-content\/uploads\/2022\/06\/WhatsApp-Image-2022-06-13-at-6.19.52-PM-2-225x300.jpeg 225w\" sizes=\"auto, (max-width: 709px) 85vw, (max-width: 909px) 67vw, (max-width: 984px) 61vw, (max-width: 1362px) 45vw, 600px\" \/><figcaption class=\"blocks-gallery-item__caption\">Mini-Lagerfeuer<\/figcaption><\/figure><\/li><\/ul><\/figure>\n\n\n\n<p>Zum kr\u00f6nenden Abschluss des Wochenendes fand Sonntag Vormittag endlich wieder der traditionsreiche 3-Stunden-OL statt. In Witten Hohenstein mussten die Teams, bestehend aus drei L\u00e4ufer*innen, in drei Stunden m\u00f6glichst viele der insgesamt 12 Bahnen absolvieren. Da die meisten schon die Sprints vom Vortag in den Beinen hatten, erweisten sich die recht steilen H\u00e4ngen als Herausforderung, da aufgrund der kurzen Bahnl\u00e4ngen durchschnittlich ehr ein h\u00f6heres Lauftempo angesagt war. Nach Verl\u00e4ngerung auf 3 \u00bd Stunden hat es das Team <em>OLV K\u00f8pinnacken<\/em> geschafft, alle Bahnen zu absolvieren, das Team <em>Rothaarexpress<\/em> landete mit 11 von 12 Bahnen auf Platz 2, und dahinter reiten sich dann mehrere Teams mit insgesamt \u00a010 gelaufenen Bahnen ein. An dieser Stelle Danke an Arvid, Niklas und Janine, die durch Organisation und Bahnlegung den 3-Stunden-OL aus der Versenkung gezogen haben, es war ein gro\u00dfer Spa\u00df !<\/p>\n\n\n\n<figure class=\"wp-block-gallery columns-2 is-cropped wp-block-gallery-3 is-layout-flex wp-block-gallery-is-layout-flex\"><ul class=\"blocks-gallery-grid\"><li class=\"blocks-gallery-item\"><figure><img loading=\"lazy\" decoding=\"async\" width=\"1024\" height=\"768\" src=\"https:\/\/wtb-ol.de\/wp-content\/uploads\/2022\/06\/WhatsApp-Image-2022-06-13-at-5.09.26-PM-1-1024x768.jpeg\" alt=\"\" data-id=\"352\" data-link=\"https:\/\/wtb-ol.de\/?attachment_id=352\" class=\"wp-image-352\" srcset=\"https:\/\/wtb-ol.de\/wp-content\/uploads\/2022\/06\/WhatsApp-Image-2022-06-13-at-5.09.26-PM-1-1024x768.jpeg 1024w, https:\/\/wtb-ol.de\/wp-content\/uploads\/2022\/06\/WhatsApp-Image-2022-06-13-at-5.09.26-PM-1-300x225.jpeg 300w, https:\/\/wtb-ol.de\/wp-content\/uploads\/2022\/06\/WhatsApp-Image-2022-06-13-at-5.09.26-PM-1-768x576.jpeg 768w, https:\/\/wtb-ol.de\/wp-content\/uploads\/2022\/06\/WhatsApp-Image-2022-06-13-at-5.09.26-PM-1-1536x1152.jpeg 1536w, https:\/\/wtb-ol.de\/wp-content\/uploads\/2022\/06\/WhatsApp-Image-2022-06-13-at-5.09.26-PM-1-1200x900.jpeg 1200w, https:\/\/wtb-ol.de\/wp-content\/uploads\/2022\/06\/WhatsApp-Image-2022-06-13-at-5.09.26-PM-1.jpeg 2048w\" sizes=\"auto, (max-width: 709px) 85vw, (max-width: 909px) 67vw, (max-width: 1362px) 62vw, 840px\" \/><figcaption class=\"blocks-gallery-item__caption\">Wechselbereich<\/figcaption><\/figure><\/li><li class=\"blocks-gallery-item\"><figure><img loading=\"lazy\" decoding=\"async\" width=\"1024\" height=\"768\" src=\"https:\/\/wtb-ol.de\/wp-content\/uploads\/2022\/06\/WhatsApp-Image-2022-06-13-at-6.19.52-PM.jpeg\" alt=\"\" data-id=\"353\" data-full-url=\"https:\/\/wtb-ol.de\/wp-content\/uploads\/2022\/06\/WhatsApp-Image-2022-06-13-at-6.19.52-PM.jpeg\" data-link=\"https:\/\/wtb-ol.de\/?attachment_id=353\" class=\"wp-image-353\" srcset=\"https:\/\/wtb-ol.de\/wp-content\/uploads\/2022\/06\/WhatsApp-Image-2022-06-13-at-6.19.52-PM.jpeg 1024w, https:\/\/wtb-ol.de\/wp-content\/uploads\/2022\/06\/WhatsApp-Image-2022-06-13-at-6.19.52-PM-300x225.jpeg 300w, https:\/\/wtb-ol.de\/wp-content\/uploads\/2022\/06\/WhatsApp-Image-2022-06-13-at-6.19.52-PM-768x576.jpeg 768w\" sizes=\"auto, (max-width: 709px) 85vw, (max-width: 909px) 67vw, (max-width: 1362px) 62vw, 840px\" \/><figcaption class=\"blocks-gallery-item__caption\">Siegerehrung<\/figcaption><\/figure><\/li><\/ul><\/figure>\n\n\n\n<p><\/p>\n","protected":false},"excerpt":{"rendered":"<p>Am vergangenen Wochenende wurde in NRW wieder ganz viel OL gemacht. Bei herrlichstem Sommerwetter richtete WOLF Haltern e.V. am Samstag die NRW Landesmeisterschaften im Sprint-OL aus. Auf der Karte \u201eSchleusenpark Waltrop\u201c schickte Bahnleger Christian Harms die Teilnehmenden durch ein etwas au\u00dfergew\u00f6hnlicheres Sprint-Gel\u00e4nde: in dem Park liegt n\u00e4mlich das Schiffshebewerk Henrichenburg, welches fr\u00fcher den Verkehr auf &hellip; <a href=\"https:\/\/wtb-ol.de\/?p=345\" class=\"more-link\"><span class=\"screen-reader-text\">\u201eLM Sprint- und Staffelwochenende 11.-12.06.2022\u201c <\/span>weiterlesen<\/a><\/p>\n","protected":false},"author":4,"featured_media":0,"comment_status":"closed","ping_status":"closed","sticky":false,"template":"","format":"standard","meta":{"footnotes":""},"categories":[8],"tags":[],"class_list":["post-345","post","type-post","status-publish","format-standard","hentry","category-lrl"],"_links":{"self":[{"href":"https:\/\/wtb-ol.de\/index.php?rest_route=\/wp\/v2\/posts\/345","targetHints":{"allow":["GET"]}}],"collection":[{"href":"https:\/\/wtb-ol.de\/index.php?rest_route=\/wp\/v2\/posts"}],"about":[{"href":"https:\/\/wtb-ol.de\/index.php?rest_route=\/wp\/v2\/types\/post"}],"author":[{"embeddable":true,"href":"https:\/\/wtb-ol.de\/index.php?rest_route=\/wp\/v2\/users\/4"}],"replies":[{"embeddable":true,"href":"https:\/\/wtb-ol.de\/index.php?rest_route=%2Fwp%2Fv2%2Fcomments&post=345"}],"version-history":[{"count":2,"href":"https:\/\/wtb-ol.de\/index.php?rest_route=\/wp\/v2\/posts\/345\/revisions"}],"predecessor-version":[{"id":355,"href":"https:\/\/wtb-ol.de\/index.php?rest_route=\/wp\/v2\/posts\/345\/revisions\/355"}],"wp:attachment":[{"href":"https:\/\/wtb-ol.de\/index.php?rest_route=%2Fwp%2Fv2%2Fmedia&parent=345"}],"wp:term":[{"taxonomy":"category","embeddable":true,"href":"https:\/\/wtb-ol.de\/index.php?rest_route=%2Fwp%2Fv2%2Fcategories&post=345"},{"taxonomy":"post_tag","embeddable":true,"href":"https:\/\/wtb-ol.de\/index.php?rest_route=%2Fwp%2Fv2%2Ftags&post=345"}],"curies":[{"name":"wp","href":"https:\/\/api.w.org\/{rel}","templated":true}]}}