{"id":600,"date":"2024-03-08T11:46:56","date_gmt":"2024-03-08T09:46:56","guid":{"rendered":"https:\/\/wtb-ol.de\/?p=600"},"modified":"2024-03-08T11:49:02","modified_gmt":"2024-03-08T09:49:02","slug":"landeskader-startet-mit-trainingswochenende-in-die-neue-saison","status":"publish","type":"post","link":"https:\/\/wtb-ol.de\/?p=600","title":{"rendered":"Landeskader startet mit Trainingswochenende in die neue Saison"},"content":{"rendered":"\n<p>Ende Februar wurde das Naturfreundehaus Schwerte zur Pilgerst\u00e4tte der hai\u00dfen Westfalen, um die neue OL-Saison einzuleiten. Ein pickepacke volles Wochenende mit viel Sport &amp; Trallafitti stand bevor.<\/p>\n\n\n\n<p>Die Zahl der Teilnehmenden war durch Krankheiten dieses Mal reduziert, was uns wegen vieler Ausf\u00e4lle von Trainerinnen und Trainern aber ausnahmsweise etwas entgegenkam. Die Anwesenden haben daf\u00fcr Stimmung f\u00fcr 40 mitgebracht.<\/p>\n\n\n<div class=\"wp-block-image\">\n<figure class=\"alignleft size-large is-resized\"><img loading=\"lazy\" decoding=\"async\" width=\"800\" height=\"800\" src=\"https:\/\/wtb-ol.de\/wp-content\/uploads\/2024\/03\/IMG-20240305-WA0001-edited-2.jpg\" alt=\"\" class=\"wp-image-604\" style=\"width:344px;height:auto\" srcset=\"https:\/\/wtb-ol.de\/wp-content\/uploads\/2024\/03\/IMG-20240305-WA0001-edited-2.jpg 800w, https:\/\/wtb-ol.de\/wp-content\/uploads\/2024\/03\/IMG-20240305-WA0001-edited-2-300x300.jpg 300w, https:\/\/wtb-ol.de\/wp-content\/uploads\/2024\/03\/IMG-20240305-WA0001-edited-2-150x150.jpg 150w, https:\/\/wtb-ol.de\/wp-content\/uploads\/2024\/03\/IMG-20240305-WA0001-edited-2-768x768.jpg 768w\" sizes=\"auto, (max-width: 709px) 85vw, (max-width: 909px) 67vw, (max-width: 984px) 61vw, (max-width: 1362px) 45vw, 600px\" \/><figcaption class=\"wp-element-caption\">So wird Nacht OL noch sch\u00f6ner: Biathlon Nacht OL<\/figcaption><\/figure>\n<\/div>\n\n\n<p class=\"has-text-align-left\">Nach dem Abendessen in der Unterkunft, sind wir zum kadertypischen Nacht OL aufgebrochen. Dieses Mal hat sich Witti  etwas besonderes ausgedacht: Den Biathlon Nacht OL. Die Athletinnen und Athleten sind dabei kurze Runden gelaufen und immer wieder zum Becherwerfen zum Ziel zur\u00fcckgekehrt. F\u00fcr jeden Becher, der stehen geblieben ist, gab es eine Strafrunde. Dabei wurde der eine oder andere Vorsprung und sogar der Sieg verschenkt \u2013 wie beim Biathlon. Das Ganze Spektakel fand auf dem Parkplatz vor dem Casino Hohensyburg statt. 20 flitzende OLerinnen und OLer mit Stirnlampe stachen zwischen schicken Autos und schick angezogenen Menschen also ganz sch\u00f6n hervor.<\/p>\n\n\n\n<p class=\"has-text-align-left\">Es wurde dann doch alles sp\u00e4ter als geplant und nachdem alle zur\u00fcck in der Unterkunft angekommen und frisch geduscht waren, war f\u00fcr Trallafitti nicht mehr viel Zeit. Eine kurze Runde Catching Features von Basti und Duese war allerdings noch drin.<\/p>\n\n\n\n<p class=\"has-text-align-left\">Am n\u00e4chsten Morgen gab es ein schnelles Fr\u00fchst\u00fcck, um danach direkt zu den ersten Trainings aufzubrechen. Unserem Vorhaben, mit einem 3000er zu starten, wurde durch einen geschlossenen Parkplatz und einem doch etwas zu eng getaktetem Zeitplan ein Strich durch die Rechnung gemacht. Sehr zur Freude mancher Athletinnen und Athleten. Daf\u00fcr ging es mit voller Energie auf eine Technikrunde in den Wald. Dort erwartete die Athletinnen und Athleten ein Korridor-Anteil sowie ein Fenster- &amp; ein Linien OL. Fehlende Wege machten das Training noch anspruchsvoller. Bei Schwierigkeiten wurden die Athletinnen und Athleten von Garfield, Spongebob &amp; Pikachu auf der Karte angefeuert \u2013 so hatte man Felix Stimme trotz vieler Kilometer Entfernung im Ohr, w\u00e4hrend er die Athletinnen und Athleten mit \u201eSei st\u00e4rker als deine st\u00e4rkste Ausrede\u201c zum Weiterlaufen motiviert. <\/p>\n\n\n<div class=\"wp-block-image\">\n<figure class=\"alignleft size-large is-resized\"><img loading=\"lazy\" decoding=\"async\" width=\"1152\" height=\"1536\" src=\"https:\/\/wtb-ol.de\/wp-content\/uploads\/2024\/03\/IMG-20240308-WA0005-edited.jpg\" alt=\"\" class=\"wp-image-610\" style=\"width:333px;height:auto\" srcset=\"https:\/\/wtb-ol.de\/wp-content\/uploads\/2024\/03\/IMG-20240308-WA0005-edited.jpg 1152w, https:\/\/wtb-ol.de\/wp-content\/uploads\/2024\/03\/IMG-20240308-WA0005-edited-225x300.jpg 225w, https:\/\/wtb-ol.de\/wp-content\/uploads\/2024\/03\/IMG-20240308-WA0005-edited-768x1024.jpg 768w\" sizes=\"auto, (max-width: 709px) 85vw, (max-width: 909px) 67vw, (max-width: 1362px) 62vw, 840px\" \/><figcaption class=\"wp-element-caption\">Felix motiviert uns aus der Ferne<\/figcaption><\/figure>\n<\/div>\n\n\n<p>Nach dem erfolgreich abgeschlossenen Training eine kurze Mittagspause in der Unterkunft \u2013 dann ging es direkt weiter zum Training numero 3. Bei der Postenhatz in str\u00f6mendem Regen wurde der direkte Gegnerkontakt ge\u00fcbt.<\/p>\n\n\n\n<p>So schnell wie m\u00f6glich wurden dann die Autos voll gemacht und schnell zur\u00fcck zur Unterkunft ged\u00fcst. Im Party-Auto wurden auf der Fahrt lautstark Kinderlieder mitgesungen.<\/p>\n\n\n\n<p>Abends war dann endlich wieder Zeit f\u00fcr richtiges Trallafitti. Die langersehnten Taufen von Emilia, Daria, Lea, Leif und Tim waren ein absolutes Highlight. Die 5 sollten unter den skurrilen Geschichten von Anton, Finn, Ole, Louisa und Lauri herausfinden, wer die Wahrheit sagt. Es fiel den Neulingen gar nicht so leicht, unter den Geschichten wie \u201ewahre Geschwisterliebe\u201c und \u201eau\u00dfergew\u00f6hnliche Oringen-Erfahrung\u201c die Wahrheit herauszufinden. Trotzdem haben alle ihren Kader-Einstand nat\u00fcrlich erfolgreich bestanden. Wir freuen uns, dass ihr jetzt endg\u00fcltig fester Bestandteil des Teams seid!<\/p>\n\n\n\n<p>Nach der Taufe wurden alte Klassiker wieder ausgepackt. Kartonaufheben und Werw\u00f6lfe machen einfach jedes Mal wieder Spa\u00df und dauerten auch dieses Wochenende wieder bis tief in die Nacht. <\/p>\n\n\n<div class=\"wp-block-image\">\n<figure class=\"alignleft size-large is-resized\"><img loading=\"lazy\" decoding=\"async\" width=\"900\" height=\"900\" src=\"https:\/\/wtb-ol.de\/wp-content\/uploads\/2024\/03\/IMG-20240308-WA0004-edited.jpg\" alt=\"\" class=\"wp-image-606\" style=\"width:310px;height:auto\" srcset=\"https:\/\/wtb-ol.de\/wp-content\/uploads\/2024\/03\/IMG-20240308-WA0004-edited.jpg 900w, https:\/\/wtb-ol.de\/wp-content\/uploads\/2024\/03\/IMG-20240308-WA0004-edited-300x300.jpg 300w, https:\/\/wtb-ol.de\/wp-content\/uploads\/2024\/03\/IMG-20240308-WA0004-edited-150x150.jpg 150w, https:\/\/wtb-ol.de\/wp-content\/uploads\/2024\/03\/IMG-20240308-WA0004-edited-768x768.jpg 768w\" sizes=\"auto, (max-width: 709px) 85vw, (max-width: 909px) 67vw, (max-width: 1362px) 62vw, 840px\" \/><figcaption class=\"wp-element-caption\">Unser Vorschlag f\u00fcr Olympia: Kartonaufheben<\/figcaption><\/figure>\n<\/div>\n\n\n<p>Trotz des akuten Schlafmangels standen alle&nbsp;Athletinnen und Athleten am n\u00e4chsten Morgen fit am Start des Testwettkampfes. Die Bedingungen waren dabei so nah am JLVK wie nur m\u00f6glich. So wurde nicht nur auf der Karte des JLVK-Kartierers gelaufen, sondern auch die Bahn vom Bahnleger des Heim-JLVKs gelegt. Helene, Malte und Anton konnten ihre Bahnen nach einem harten Kampf f\u00fcr sich entscheiden.<\/p>\n\n\n\n<p class=\"has-text-align-left\">Damit neigte sich das Wochenende schon wieder dem Ende zu. Und alle alten Kader-Hasen wissen: kein Abschluss ohne Kampfsau-Ehrung. F\u00fcr dieses Wochenende teilen sich Lea und Malte den Titel. Gl\u00fcckwunsch euch beiden! Neu dabei ist au\u00dferdem der Kaderd\u00f6del: Niemand hatte sich ihn mehr verdient als Finn T.<\/p>\n\n\n\n<p class=\"has-text-align-left\">Last but not least wurden ein weiteres Mal die Stimmb\u00e4nder der Athleten strapaziert, als es hie\u00df: GEBT UNS EIN W!<\/p>\n\n\n<div class=\"wp-block-image\">\n<figure class=\"alignleft size-large is-resized\"><img loading=\"lazy\" decoding=\"async\" width=\"1152\" height=\"1152\" src=\"https:\/\/wtb-ol.de\/wp-content\/uploads\/2024\/03\/IMG-20240308-WA0006-1-edited.jpg\" alt=\"\" class=\"wp-image-622\" style=\"width:340px;height:auto\" srcset=\"https:\/\/wtb-ol.de\/wp-content\/uploads\/2024\/03\/IMG-20240308-WA0006-1-edited.jpg 1152w, https:\/\/wtb-ol.de\/wp-content\/uploads\/2024\/03\/IMG-20240308-WA0006-1-edited-300x300.jpg 300w, https:\/\/wtb-ol.de\/wp-content\/uploads\/2024\/03\/IMG-20240308-WA0006-1-edited-1024x1024.jpg 1024w, https:\/\/wtb-ol.de\/wp-content\/uploads\/2024\/03\/IMG-20240308-WA0006-1-edited-150x150.jpg 150w, https:\/\/wtb-ol.de\/wp-content\/uploads\/2024\/03\/IMG-20240308-WA0006-1-edited-768x768.jpg 768w\" sizes=\"auto, (max-width: 709px) 85vw, (max-width: 909px) 67vw, (max-width: 1362px) 62vw, 840px\" \/><\/figure>\n<\/div>\n\n\n<p class=\"has-text-align-left\">Wir Trainerinnen und Trainer hatten wieder viel Spa\u00df und freuen uns auf den n\u00e4chsten Lehrgang im August. Bis dahin trainiert flei\u00dfig, der Heim-JLVK r\u00fcckt n\u00e4her und n\u00e4her! <\/p>\n\n\n\n<p><\/p>\n\n\n\n<p><\/p>\n\n\n\n<p><\/p>\n\n\n\n<p><\/p>\n","protected":false},"excerpt":{"rendered":"<p>Ende Februar wurde das Naturfreundehaus Schwerte zur Pilgerst\u00e4tte der hai\u00dfen Westfalen, um die neue OL-Saison einzuleiten. Ein pickepacke volles Wochenende mit viel Sport &amp; Trallafitti stand bevor. Die Zahl der Teilnehmenden war durch Krankheiten dieses Mal reduziert, was uns wegen vieler Ausf\u00e4lle von Trainerinnen und Trainern aber ausnahmsweise etwas entgegenkam. Die Anwesenden haben daf\u00fcr Stimmung &hellip; <a href=\"https:\/\/wtb-ol.de\/?p=600\" class=\"more-link\"><span class=\"screen-reader-text\">\u201eLandeskader startet mit Trainingswochenende in die neue Saison\u201c <\/span>weiterlesen<\/a><\/p>\n","protected":false},"author":3,"featured_media":0,"comment_status":"closed","ping_status":"closed","sticky":false,"template":"","format":"standard","meta":{"footnotes":""},"categories":[7],"tags":[],"class_list":["post-600","post","type-post","status-publish","format-standard","hentry","category-landeskader"],"_links":{"self":[{"href":"https:\/\/wtb-ol.de\/index.php?rest_route=\/wp\/v2\/posts\/600","targetHints":{"allow":["GET"]}}],"collection":[{"href":"https:\/\/wtb-ol.de\/index.php?rest_route=\/wp\/v2\/posts"}],"about":[{"href":"https:\/\/wtb-ol.de\/index.php?rest_route=\/wp\/v2\/types\/post"}],"author":[{"embeddable":true,"href":"https:\/\/wtb-ol.de\/index.php?rest_route=\/wp\/v2\/users\/3"}],"replies":[{"embeddable":true,"href":"https:\/\/wtb-ol.de\/index.php?rest_route=%2Fwp%2Fv2%2Fcomments&post=600"}],"version-history":[{"count":12,"href":"https:\/\/wtb-ol.de\/index.php?rest_route=\/wp\/v2\/posts\/600\/revisions"}],"predecessor-version":[{"id":624,"href":"https:\/\/wtb-ol.de\/index.php?rest_route=\/wp\/v2\/posts\/600\/revisions\/624"}],"wp:attachment":[{"href":"https:\/\/wtb-ol.de\/index.php?rest_route=%2Fwp%2Fv2%2Fmedia&parent=600"}],"wp:term":[{"taxonomy":"category","embeddable":true,"href":"https:\/\/wtb-ol.de\/index.php?rest_route=%2Fwp%2Fv2%2Fcategories&post=600"},{"taxonomy":"post_tag","embeddable":true,"href":"https:\/\/wtb-ol.de\/index.php?rest_route=%2Fwp%2Fv2%2Ftags&post=600"}],"curies":[{"name":"wp","href":"https:\/\/api.w.org\/{rel}","templated":true}]}}