{"id":636,"date":"2024-08-30T17:04:55","date_gmt":"2024-08-30T15:04:55","guid":{"rendered":"https:\/\/wtb-ol.de\/?p=636"},"modified":"2024-08-30T17:04:55","modified_gmt":"2024-08-30T15:04:55","slug":"trainingswochenende-in-rummenohl","status":"publish","type":"post","link":"https:\/\/wtb-ol.de\/?p=636","title":{"rendered":"Trainingswochenende in Rummenohl"},"content":{"rendered":"\n<p><\/p>\n\n\n\n<p>Unser Landeskader traf sich in Rummenohl zu einem intensiven Sommertrainingslager. Der Freitagabend bot eine willkommene Abwechslung vom \u00fcblichen Training. Statt langer L\u00e4ufe standen kurzweilige Sprint-Spiele auf dem Programm, bei denen wir unser Ged\u00e4chtnis f\u00fcr OL-Symbole trainierten. Anschlie\u00dfend lie\u00dfen wir den Abend beim \u00fcblichen Trallafitti ausklingen.<\/p>\n\n\n<div class=\"wp-block-image\">\n<figure class=\"aligncenter size-large is-resized\"><img loading=\"lazy\" decoding=\"async\" width=\"768\" height=\"1024\" src=\"https:\/\/wtb-ol.de\/wp-content\/uploads\/2024\/08\/IMG-20240830-WA0066-1-768x1024.jpg\" alt=\"\" class=\"wp-image-640\" style=\"width:226px;height:auto\" srcset=\"https:\/\/wtb-ol.de\/wp-content\/uploads\/2024\/08\/IMG-20240830-WA0066-1-768x1024.jpg 768w, https:\/\/wtb-ol.de\/wp-content\/uploads\/2024\/08\/IMG-20240830-WA0066-1-225x300.jpg 225w, https:\/\/wtb-ol.de\/wp-content\/uploads\/2024\/08\/IMG-20240830-WA0066-1-1152x1536.jpg 1152w, https:\/\/wtb-ol.de\/wp-content\/uploads\/2024\/08\/IMG-20240830-WA0066-1-1200x1600.jpg 1200w, https:\/\/wtb-ol.de\/wp-content\/uploads\/2024\/08\/IMG-20240830-WA0066-1.jpg 1536w\" sizes=\"auto, (max-width: 709px) 85vw, (max-width: 909px) 67vw, (max-width: 984px) 61vw, (max-width: 1362px) 45vw, 600px\" \/><figcaption class=\"wp-element-caption\">Lockerer Einstieg ins Wochenende<\/figcaption><\/figure>\n<\/div>\n\n\n<p><\/p>\n\n\n\n<p>Am Samstagmorgen simulierten wir einen Wettkampf und starteten trotz der Parkverwirrung p\u00fcnktlich in den Wald. Auf den verschiedenen Bahnen \u00fcbten wir typische Wettkampfsituationen und verfeinerten unsere Start-Routine. Dabei ging es vor allem darum zu \u00fcben sich vor dem Start zu Fokussieren und anschlie\u00dfend im Wald Schnelligkeit zu zeigen sowie den Gegnerkontakt zu \u00fcben. Der Nachmittag stand ganz im Zeichen eines typischen Trainingslagers, denn der Wald war mal wieder \u201egr\u00fcner als gedacht\u201c. Schnelligkeit bei der Postenhatz aufzubauen war also gar nicht so einfach und gepaart mit der Hitze war die dichte Vegetation eine echte Herausforderung. Trotzdem motivierten wir uns gegenseitig und meisterten die Postenhatz. <\/p>\n\n\n<div class=\"wp-block-image\">\n<figure class=\"aligncenter size-large is-resized\"><img loading=\"lazy\" decoding=\"async\" width=\"1024\" height=\"768\" src=\"https:\/\/wtb-ol.de\/wp-content\/uploads\/2024\/08\/IMG_20240824_121921-1024x768.jpg\" alt=\"\" class=\"wp-image-639\" style=\"width:357px;height:auto\" srcset=\"https:\/\/wtb-ol.de\/wp-content\/uploads\/2024\/08\/IMG_20240824_121921-1024x768.jpg 1024w, https:\/\/wtb-ol.de\/wp-content\/uploads\/2024\/08\/IMG_20240824_121921-300x225.jpg 300w, https:\/\/wtb-ol.de\/wp-content\/uploads\/2024\/08\/IMG_20240824_121921-768x576.jpg 768w, https:\/\/wtb-ol.de\/wp-content\/uploads\/2024\/08\/IMG_20240824_121921-1536x1152.jpg 1536w, https:\/\/wtb-ol.de\/wp-content\/uploads\/2024\/08\/IMG_20240824_121921-2048x1536.jpg 2048w, https:\/\/wtb-ol.de\/wp-content\/uploads\/2024\/08\/IMG_20240824_121921-1200x900.jpg 1200w\" sizes=\"auto, (max-width: 709px) 85vw, (max-width: 909px) 67vw, (max-width: 1362px) 62vw, 840px\" \/><figcaption class=\"wp-element-caption\">Wie viele Trainer brauchst du, um ein Training vorzubesprechen?<\/figcaption><\/figure>\n<\/div>\n\n\n<p>Nachdem wir unsere Energiereserven beim Abendessen wieder aufgeladen hatten, kam es zur wichtigsten Einheit des Wochenendes: eine \u00fcber einst\u00fcndige Runde Zombieball. Wir sind locker reingestartet, aber das Spiel wurde schnell zu einem Kampf mit Allianzenbildung. Beendet wurde das Spiel erst, als es dunkel wurde. Wenn wir uns einig sind, dann bei einer Sache: Die Revanche findet beim Herbsttrainingslager im November statt.<\/p>\n\n\n<div class=\"wp-block-image\">\n<figure class=\"aligncenter size-large is-resized\"><img loading=\"lazy\" decoding=\"async\" width=\"768\" height=\"1024\" src=\"https:\/\/wtb-ol.de\/wp-content\/uploads\/2024\/08\/IMG-20240824-WA0004-768x1024.jpg\" alt=\"\" class=\"wp-image-642\" style=\"width:283px;height:auto\" srcset=\"https:\/\/wtb-ol.de\/wp-content\/uploads\/2024\/08\/IMG-20240824-WA0004-768x1024.jpg 768w, https:\/\/wtb-ol.de\/wp-content\/uploads\/2024\/08\/IMG-20240824-WA0004-225x300.jpg 225w, https:\/\/wtb-ol.de\/wp-content\/uploads\/2024\/08\/IMG-20240824-WA0004-1152x1536.jpg 1152w, https:\/\/wtb-ol.de\/wp-content\/uploads\/2024\/08\/IMG-20240824-WA0004.jpg 1200w\" sizes=\"auto, (max-width: 709px) 85vw, (max-width: 909px) 67vw, (max-width: 984px) 61vw, (max-width: 1362px) 45vw, 600px\" \/><figcaption class=\"wp-element-caption\">Tills Nemesis<\/figcaption><\/figure>\n<\/div>\n\n\n<p>Sonntagmorgen r\u00e4umten wir gemeinsam auf und beendeten das Wochenende mit einem Staffeltraining in Herdecke. Hier war es besonders wichtig, auf den gegabelten Strecken den richtigen Posten anzulaufen und die Staffelwechsel zu \u00fcben.<\/p>\n\n\n\n<p>Das Sommertrainingslager war eine gelungene Mischung aus Spa\u00df, Herausforderung und Teamarbeit. Wir sind vorbereitet auf den JLVK in Sundern und freuen uns schon auf das Wiedersehen mit den anderen Landesverb\u00e4nden.&nbsp;<\/p>\n","protected":false},"excerpt":{"rendered":"<p>Unser Landeskader traf sich in Rummenohl zu einem intensiven Sommertrainingslager. Der Freitagabend bot eine willkommene Abwechslung vom \u00fcblichen Training. Statt langer L\u00e4ufe standen kurzweilige Sprint-Spiele auf dem Programm, bei denen wir unser Ged\u00e4chtnis f\u00fcr OL-Symbole trainierten. Anschlie\u00dfend lie\u00dfen wir den Abend beim \u00fcblichen Trallafitti ausklingen. Am Samstagmorgen simulierten wir einen Wettkampf und starteten trotz der &hellip; <a href=\"https:\/\/wtb-ol.de\/?p=636\" class=\"more-link\"><span class=\"screen-reader-text\">\u201eTrainingswochenende in Rummenohl\u201c <\/span>weiterlesen<\/a><\/p>\n","protected":false},"author":3,"featured_media":0,"comment_status":"closed","ping_status":"closed","sticky":false,"template":"","format":"standard","meta":{"footnotes":""},"categories":[1],"tags":[],"class_list":["post-636","post","type-post","status-publish","format-standard","hentry","category-uncategorized"],"_links":{"self":[{"href":"https:\/\/wtb-ol.de\/index.php?rest_route=\/wp\/v2\/posts\/636","targetHints":{"allow":["GET"]}}],"collection":[{"href":"https:\/\/wtb-ol.de\/index.php?rest_route=\/wp\/v2\/posts"}],"about":[{"href":"https:\/\/wtb-ol.de\/index.php?rest_route=\/wp\/v2\/types\/post"}],"author":[{"embeddable":true,"href":"https:\/\/wtb-ol.de\/index.php?rest_route=\/wp\/v2\/users\/3"}],"replies":[{"embeddable":true,"href":"https:\/\/wtb-ol.de\/index.php?rest_route=%2Fwp%2Fv2%2Fcomments&post=636"}],"version-history":[{"count":4,"href":"https:\/\/wtb-ol.de\/index.php?rest_route=\/wp\/v2\/posts\/636\/revisions"}],"predecessor-version":[{"id":644,"href":"https:\/\/wtb-ol.de\/index.php?rest_route=\/wp\/v2\/posts\/636\/revisions\/644"}],"wp:attachment":[{"href":"https:\/\/wtb-ol.de\/index.php?rest_route=%2Fwp%2Fv2%2Fmedia&parent=636"}],"wp:term":[{"taxonomy":"category","embeddable":true,"href":"https:\/\/wtb-ol.de\/index.php?rest_route=%2Fwp%2Fv2%2Fcategories&post=636"},{"taxonomy":"post_tag","embeddable":true,"href":"https:\/\/wtb-ol.de\/index.php?rest_route=%2Fwp%2Fv2%2Ftags&post=636"}],"curies":[{"name":"wp","href":"https:\/\/api.w.org\/{rel}","templated":true}]}}