{"id":684,"date":"2025-03-29T23:39:16","date_gmt":"2025-03-29T21:39:16","guid":{"rendered":"https:\/\/wtb-ol.de\/?p=684"},"modified":"2025-03-29T23:39:16","modified_gmt":"2025-03-29T21:39:16","slug":"landeskader-zum-saisonauftakt-2025-in-bielefeld","status":"publish","type":"post","link":"https:\/\/wtb-ol.de\/?p=684","title":{"rendered":"Landeskader zum Saisonauftakt 2025 in Bielefeld"},"content":{"rendered":"<div class=\"wp-block-image\">\n<figure class=\"aligncenter size-large\"><img loading=\"lazy\" decoding=\"async\" width=\"768\" height=\"1024\" src=\"https:\/\/wtb-ol.de\/wp-content\/uploads\/2025\/03\/IMG_20250308_103629-768x1024.jpg\" alt=\"\" class=\"wp-image-685\" srcset=\"https:\/\/wtb-ol.de\/wp-content\/uploads\/2025\/03\/IMG_20250308_103629-768x1024.jpg 768w, https:\/\/wtb-ol.de\/wp-content\/uploads\/2025\/03\/IMG_20250308_103629-225x300.jpg 225w, https:\/\/wtb-ol.de\/wp-content\/uploads\/2025\/03\/IMG_20250308_103629-1152x1536.jpg 1152w, https:\/\/wtb-ol.de\/wp-content\/uploads\/2025\/03\/IMG_20250308_103629-1536x2048.jpg 1536w, https:\/\/wtb-ol.de\/wp-content\/uploads\/2025\/03\/IMG_20250308_103629-1200x1600.jpg 1200w, https:\/\/wtb-ol.de\/wp-content\/uploads\/2025\/03\/IMG_20250308_103629-scaled.jpg 1920w\" sizes=\"auto, (max-width: 709px) 85vw, (max-width: 909px) 67vw, (max-width: 984px) 61vw, (max-width: 1362px) 45vw, 600px\" \/><\/figure>\n<\/div>\n\n\n<p>Vom 07. bis 09. M\u00e4rz  traf sich der Landeskader Westfalen zum Fr\u00fchjahrslehrgang 2025. Mit dem Schwerpunkt auf die O-Technik verbrachten wir ein intensives Wochenende zwischen Bielefeld und Oerlinghausen zur Vorbereitung auf die kommende Saison.<\/p>\n\n\n\n<p>Das Trainingswochenende startete mit einem Cooper-Test (12 min), um den aktuellen Leistungsstand der Kaderathlet*innen zu ermitteln. Hierf\u00fcr konnten wir die Laufbahn des ASG Teutoburgerwald nutzen und unter besten Bedingungen unsere Bahnen drehen. Im Anschluss absolvierten wir einen kurzen \u201eshake-out\u201c Nacht-OL, um das Training ausklingen zu lassen.<\/p>\n\n\n\n<p>Danach ging es zur Unterkunft. Wir waren im Jugendlandheim Greten Venn untergebracht, das uns ein sehr entspanntes Wochenende inmitten der Natur erm\u00f6glichte. In einem ehemaligen Kotten konnten wir gemeinsam Kl\u00f6nen sowie die neuen Athletenhefte und \u201eWestfalenherden\u201c vorstellen (wer mehr dazu wissen mag, klopft am besten beim Trainer*innenteam an und l\u00e4sst sich inspirieren).<\/p>\n\n\n\n<p>Am Samstagvormittag stand als erstes Techniktraining ein Korridor-OL auf dem Programm, bei dem wir \u00fcbten, uns mit begrenzten Informationen m\u00f6glichst immer im Korridor auszuhalten. Nach einem z\u00fcgigen Mittagessen im Greten Venn ging es weiter in die Bielefelder Innenstadt, um mit Sprintintervallen Gegnerkontakt und schnelle Entscheidungsfindung im Sprint zu trainieren.<\/p>\n\n\n<div class=\"wp-block-image\">\n<figure class=\"aligncenter size-large\"><img loading=\"lazy\" decoding=\"async\" width=\"576\" height=\"1024\" src=\"https:\/\/wtb-ol.de\/wp-content\/uploads\/2025\/03\/IMG-20250308-WA0002-576x1024.jpeg\" alt=\"\" class=\"wp-image-686\" srcset=\"https:\/\/wtb-ol.de\/wp-content\/uploads\/2025\/03\/IMG-20250308-WA0002-576x1024.jpeg 576w, https:\/\/wtb-ol.de\/wp-content\/uploads\/2025\/03\/IMG-20250308-WA0002-169x300.jpeg 169w, https:\/\/wtb-ol.de\/wp-content\/uploads\/2025\/03\/IMG-20250308-WA0002-768x1365.jpeg 768w, https:\/\/wtb-ol.de\/wp-content\/uploads\/2025\/03\/IMG-20250308-WA0002-864x1536.jpeg 864w, https:\/\/wtb-ol.de\/wp-content\/uploads\/2025\/03\/IMG-20250308-WA0002-1152x2048.jpeg 1152w, https:\/\/wtb-ol.de\/wp-content\/uploads\/2025\/03\/IMG-20250308-WA0002-1200x2133.jpeg 1200w, https:\/\/wtb-ol.de\/wp-content\/uploads\/2025\/03\/IMG-20250308-WA0002-scaled.jpeg 1440w\" sizes=\"auto, (max-width: 576px) 85vw, 576px\" \/><\/figure>\n<\/div>\n\n\n<p>Der Samstag klang mit einem geselligen Abend aus, der mit einem eigens von Jannis entwickelten Spiel und einer spannenden Werwolf-Runde abgerundet wurde.<\/p>\n\n\n\n<p>Am Sonntag stand als zweites Techniktraining ein Braunbild-OL an, bei dem wir uns (fast) ausschlie\u00dflich anhand des H\u00f6henbildes orientierten und so noch einmal die Gelegenheit hatten zu \u00fcben, auch ohne viele Informationen im Wald klar zukommen.<\/p>\n\n\n<div class=\"wp-block-image\">\n<figure class=\"aligncenter size-large\"><img loading=\"lazy\" decoding=\"async\" width=\"769\" height=\"1024\" src=\"https:\/\/wtb-ol.de\/wp-content\/uploads\/2025\/03\/IMG-20250309-WA0003-769x1024.jpg\" alt=\"\" class=\"wp-image-688\" srcset=\"https:\/\/wtb-ol.de\/wp-content\/uploads\/2025\/03\/IMG-20250309-WA0003-769x1024.jpg 769w, https:\/\/wtb-ol.de\/wp-content\/uploads\/2025\/03\/IMG-20250309-WA0003-225x300.jpg 225w, https:\/\/wtb-ol.de\/wp-content\/uploads\/2025\/03\/IMG-20250309-WA0003-768x1023.jpg 768w, https:\/\/wtb-ol.de\/wp-content\/uploads\/2025\/03\/IMG-20250309-WA0003-1153x1536.jpg 1153w, https:\/\/wtb-ol.de\/wp-content\/uploads\/2025\/03\/IMG-20250309-WA0003-1200x1599.jpg 1200w, https:\/\/wtb-ol.de\/wp-content\/uploads\/2025\/03\/IMG-20250309-WA0003.jpg 1537w\" sizes=\"auto, (max-width: 709px) 85vw, (max-width: 909px) 67vw, (max-width: 984px) 61vw, (max-width: 1362px) 45vw, 600px\" \/><\/figure>\n<\/div>\n\n\n<p>Wieder einmal ging das Lehrgangswochenende blitz schnell vorbei und wir bedanken uns herzlich beim ASG Teutoburgerwald f\u00fcr die Unterst\u00fctzung, beim Jugendlandheim Greten Venn f\u00fcr die angenehme Atmosph\u00e4re und freuen uns bereits auf das n\u00e4chste gemeinsame OL-Event mit dem Landeskader Westfalen.<\/p>\n","protected":false},"excerpt":{"rendered":"<p>Vom 07. bis 09. M\u00e4rz traf sich der Landeskader Westfalen zum Fr\u00fchjahrslehrgang 2025. Mit dem Schwerpunkt auf die O-Technik verbrachten wir ein intensives Wochenende zwischen Bielefeld und Oerlinghausen zur Vorbereitung auf die kommende Saison. Das Trainingswochenende startete mit einem Cooper-Test (12 min), um den aktuellen Leistungsstand der Kaderathlet*innen zu ermitteln. Hierf\u00fcr konnten wir die Laufbahn &hellip; <a href=\"https:\/\/wtb-ol.de\/?p=684\" class=\"more-link\"><span class=\"screen-reader-text\">\u201eLandeskader zum Saisonauftakt 2025 in Bielefeld\u201c <\/span>weiterlesen<\/a><\/p>\n","protected":false},"author":4,"featured_media":0,"comment_status":"closed","ping_status":"closed","sticky":false,"template":"","format":"standard","meta":{"footnotes":""},"categories":[7],"tags":[],"class_list":["post-684","post","type-post","status-publish","format-standard","hentry","category-landeskader"],"_links":{"self":[{"href":"https:\/\/wtb-ol.de\/index.php?rest_route=\/wp\/v2\/posts\/684","targetHints":{"allow":["GET"]}}],"collection":[{"href":"https:\/\/wtb-ol.de\/index.php?rest_route=\/wp\/v2\/posts"}],"about":[{"href":"https:\/\/wtb-ol.de\/index.php?rest_route=\/wp\/v2\/types\/post"}],"author":[{"embeddable":true,"href":"https:\/\/wtb-ol.de\/index.php?rest_route=\/wp\/v2\/users\/4"}],"replies":[{"embeddable":true,"href":"https:\/\/wtb-ol.de\/index.php?rest_route=%2Fwp%2Fv2%2Fcomments&post=684"}],"version-history":[{"count":1,"href":"https:\/\/wtb-ol.de\/index.php?rest_route=\/wp\/v2\/posts\/684\/revisions"}],"predecessor-version":[{"id":689,"href":"https:\/\/wtb-ol.de\/index.php?rest_route=\/wp\/v2\/posts\/684\/revisions\/689"}],"wp:attachment":[{"href":"https:\/\/wtb-ol.de\/index.php?rest_route=%2Fwp%2Fv2%2Fmedia&parent=684"}],"wp:term":[{"taxonomy":"category","embeddable":true,"href":"https:\/\/wtb-ol.de\/index.php?rest_route=%2Fwp%2Fv2%2Fcategories&post=684"},{"taxonomy":"post_tag","embeddable":true,"href":"https:\/\/wtb-ol.de\/index.php?rest_route=%2Fwp%2Fv2%2Ftags&post=684"}],"curies":[{"name":"wp","href":"https:\/\/api.w.org\/{rel}","templated":true}]}}